{"id":803,"date":"2015-10-08T15:25:30","date_gmt":"2015-10-08T14:25:30","guid":{"rendered":"http:\/\/ienchampagnole.free.fr\/?p=803"},"modified":"2016-09-01T17:00:02","modified_gmt":"2016-09-01T15:00:02","slug":"capteurs-dimages","status":"publish","type":"post","link":"https:\/\/champagnole.circo39.ac-besancon.fr\/?p=803","title":{"rendered":"Capteurs d&rsquo;images 2015-2016"},"content":{"rendered":"<p>Cette ann\u00e9e, le dispositif propose aux enseignants d&rsquo;aborder la notion de <strong>\u00ab\u00a0point de vue\u00a0\u00bb<\/strong> en s&rsquo;appuyant sur l\u2019\u0153uvre intitul\u00e9e \u00ab\u00a0Sculpture\u00a0\u00bb du photographe Jean Daubas (pr\u00eat de l&rsquo;<a href=\"http:\/\/crdp.ac-besancon.fr\/artotheque\/accueil_site.php\" target=\"_blank\">ARTOTEC<\/a>).<\/p>\n<p><!--more-->La note de service n\u00b02 de cette ann\u00e9e scolaire pr\u00e9cise \u00a0:<\/p>\n<ul>\n<li>que la formation aura un format de 2h en pr\u00e9sentiel et 2h30 \u00e0 distance (m@gist\u00e8re),<\/li>\n<li>qu&rsquo;il sera possible d&rsquo;accueillir l&rsquo;artiste en classe sous la forme d&rsquo;un atelier en <a href=\"https:\/\/fr.wikipedia.org\/wiki\/Cyanotype\" target=\"_blank\">cyanotypie<\/a>, afin de permettre aux \u00e9l\u00e8ves de produire des compositions plastiques \u00e0 partir de la technique du cyanotype, (voir :\u00a0<a href=\"http:\/\/aencrages.free.fr\/rub\/fiche\/art19.htm\" target=\"_blank\">http:\/\/aencrages.free.fr\/rub\/fiche\/art19.htm<\/a>)<\/li>\n<li><span style=\"line-height: 1.5\">qu&rsquo;une exposition des productions photographiques et des cyanotypes d&rsquo;\u00e9l\u00e8ves sera organis\u00e9e sur le site ESPE\/Canop\u00e9 Jura en mai\/juin 2016.<\/span><\/li>\n<\/ul>\n<p>Vous pouvez\u00a0t\u00e9l\u00e9charger ici la\u00a0<a href=\"https:\/\/champagnole.circo39.ac-besancon.fr\/wp-content\/uploads\/sites\/9\/2016\/09\/13_Fiche-de-pr\u00e9sentation-Capteurs-dimages-2015-20161.pdf\">fiche de pr\u00e9sentation du dispositif pour cette ann\u00e9e 2015-2016<\/a>, r\u00e9alis\u00e9e par Mme Catherine Grostabussiat, conseill\u00e8re p\u00e9dagogique d\u00e9partementale arts visuels en charge du dispositif.<\/p>\n","protected":false},"excerpt":{"rendered":"<p>Cette ann\u00e9e, le dispositif propose aux enseignants d&rsquo;aborder la notion de \u00ab\u00a0point de vue\u00a0\u00bb en s&rsquo;appuyant sur l\u2019\u0153uvre intitul\u00e9e \u00ab\u00a0Sculpture\u00a0\u00bb du photographe Jean Daubas (pr\u00eat de l&rsquo;ARTOTEC).<\/p>\n","protected":false},"author":11,"featured_media":0,"comment_status":"closed","ping_status":"open","sticky":false,"template":"","format":"standard","meta":{"footnotes":""},"categories":[98],"tags":[30,74],"class_list":["post-803","post","type-post","status-publish","format-standard","hentry","category-capteurs-dimages","tag-arts","tag-projet-pedagogique"],"_links":{"self":[{"href":"https:\/\/champagnole.circo39.ac-besancon.fr\/index.php?rest_route=\/wp\/v2\/posts\/803","targetHints":{"allow":["GET"]}}],"collection":[{"href":"https:\/\/champagnole.circo39.ac-besancon.fr\/index.php?rest_route=\/wp\/v2\/posts"}],"about":[{"href":"https:\/\/champagnole.circo39.ac-besancon.fr\/index.php?rest_route=\/wp\/v2\/types\/post"}],"author":[{"embeddable":true,"href":"https:\/\/champagnole.circo39.ac-besancon.fr\/index.php?rest_route=\/wp\/v2\/users\/11"}],"replies":[{"embeddable":true,"href":"https:\/\/champagnole.circo39.ac-besancon.fr\/index.php?rest_route=%2Fwp%2Fv2%2Fcomments&post=803"}],"version-history":[{"count":3,"href":"https:\/\/champagnole.circo39.ac-besancon.fr\/index.php?rest_route=\/wp\/v2\/posts\/803\/revisions"}],"predecessor-version":[{"id":1330,"href":"https:\/\/champagnole.circo39.ac-besancon.fr\/index.php?rest_route=\/wp\/v2\/posts\/803\/revisions\/1330"}],"wp:attachment":[{"href":"https:\/\/champagnole.circo39.ac-besancon.fr\/index.php?rest_route=%2Fwp%2Fv2%2Fmedia&parent=803"}],"wp:term":[{"taxonomy":"category","embeddable":true,"href":"https:\/\/champagnole.circo39.ac-besancon.fr\/index.php?rest_route=%2Fwp%2Fv2%2Fcategories&post=803"},{"taxonomy":"post_tag","embeddable":true,"href":"https:\/\/champagnole.circo39.ac-besancon.fr\/index.php?rest_route=%2Fwp%2Fv2%2Ftags&post=803"}],"curies":[{"name":"wp","href":"https:\/\/api.w.org\/{rel}","templated":true}]}}