{"id":7838,"date":"2021-05-07T13:48:16","date_gmt":"2021-05-07T11:48:16","guid":{"rendered":"https:\/\/champagnole.circo39.ac-besancon.fr\/?p=7838"},"modified":"2021-05-07T13:48:17","modified_gmt":"2021-05-07T11:48:17","slug":"exposition-dart-contemporain-pieces-dete-2021","status":"publish","type":"post","link":"https:\/\/champagnole.circo39.ac-besancon.fr\/?p=7838","title":{"rendered":"Exposition d&rsquo;Art contemporain &#8211; Pi\u00e8ces d&rsquo;\u00e9t\u00e9 2021"},"content":{"rendered":"\n<p>Cette exposition, en plein air, se d\u00e9roulera du<strong> 12 juin au 19 sept 2021<\/strong> \u00e0 Malbuisson.&nbsp;<\/p>\n\n\n\n<p>Vous trouverez ci-dessous les documents (dossier de pr\u00e9sentation et flyer) qui vous permettront de d\u00e9couvrir cet \u00e9v\u00e8nement et d&rsquo;inscrire vos classes, si vous le souhaitez. <\/p>\n\n\n\n<p>Une balade pr\u00e9paratoire et comment\u00e9e sera propos\u00e9e le <strong>mercredi 9 juin<\/strong>.<\/p>\n\n\n\n<div class=\"wp-block-image\"><figure class=\"aligncenter size-large is-resized\"><a href=\"https:\/\/champagnole.circo39.ac-besancon.fr\/wp-content\/uploads\/sites\/9\/2021\/03\/flyer2021.pdf\" target=\"_blank\" rel=\"noopener noreferrer\"><img loading=\"lazy\" decoding=\"async\" src=\"https:\/\/champagnole.circo39.ac-besancon.fr\/wp-content\/uploads\/sites\/9\/2021\/03\/expo-malbuisson.png\" alt=\"\" class=\"wp-image-7842\" width=\"736\" height=\"512\" srcset=\"https:\/\/champagnole.circo39.ac-besancon.fr\/wp-content\/uploads\/sites\/9\/2021\/03\/expo-malbuisson.png 833w, https:\/\/champagnole.circo39.ac-besancon.fr\/wp-content\/uploads\/sites\/9\/2021\/03\/expo-malbuisson-300x209.png 300w\" sizes=\"auto, (max-width: 736px) 100vw, 736px\" \/><\/a><\/figure><\/div>\n\n\n\n<div class=\"wp-block-file\"><a href=\"https:\/\/champagnole.circo39.ac-besancon.fr\/wp-content\/uploads\/sites\/9\/2021\/03\/flyer2021.pdf\" target=\"_blank\" rel=\"noreferrer noopener\">Flyer2021<\/a><\/div>\n\n\n\n<div class=\"wp-block-file\"><a href=\"https:\/\/champagnole.circo39.ac-besancon.fr\/wp-content\/uploads\/sites\/9\/2021\/03\/dossier-de-presentation-2021-1.pdf\" target=\"_blank\" rel=\"noreferrer noopener\">Dossier de pr\u00e9sentation 2021<\/a><\/div>\n\n\n\n<p><\/p>\n","protected":false},"excerpt":{"rendered":"<p>Cette exposition, en plein air, se d\u00e9roulera du 12 juin au 19 sept 2021 \u00e0 Malbuisson.&nbsp; Vous trouverez ci-dessous les documents (dossier de pr\u00e9sentation et flyer) qui vous permettront de d\u00e9couvrir cet \u00e9v\u00e8nement et d&rsquo;inscrire vos classes, si vous le souhaitez. Une balade pr\u00e9paratoire et comment\u00e9e sera propos\u00e9e le mercredi 9 juin.<\/p>\n","protected":false},"author":42,"featured_media":0,"comment_status":"closed","ping_status":"open","sticky":false,"template":"","format":"standard","meta":{"footnotes":""},"categories":[143],"tags":[],"class_list":["post-7838","post","type-post","status-publish","format-standard","hentry","category-enseignements-artistiques"],"_links":{"self":[{"href":"https:\/\/champagnole.circo39.ac-besancon.fr\/index.php?rest_route=\/wp\/v2\/posts\/7838","targetHints":{"allow":["GET"]}}],"collection":[{"href":"https:\/\/champagnole.circo39.ac-besancon.fr\/index.php?rest_route=\/wp\/v2\/posts"}],"about":[{"href":"https:\/\/champagnole.circo39.ac-besancon.fr\/index.php?rest_route=\/wp\/v2\/types\/post"}],"author":[{"embeddable":true,"href":"https:\/\/champagnole.circo39.ac-besancon.fr\/index.php?rest_route=\/wp\/v2\/users\/42"}],"replies":[{"embeddable":true,"href":"https:\/\/champagnole.circo39.ac-besancon.fr\/index.php?rest_route=%2Fwp%2Fv2%2Fcomments&post=7838"}],"version-history":[{"count":3,"href":"https:\/\/champagnole.circo39.ac-besancon.fr\/index.php?rest_route=\/wp\/v2\/posts\/7838\/revisions"}],"predecessor-version":[{"id":7913,"href":"https:\/\/champagnole.circo39.ac-besancon.fr\/index.php?rest_route=\/wp\/v2\/posts\/7838\/revisions\/7913"}],"wp:attachment":[{"href":"https:\/\/champagnole.circo39.ac-besancon.fr\/index.php?rest_route=%2Fwp%2Fv2%2Fmedia&parent=7838"}],"wp:term":[{"taxonomy":"category","embeddable":true,"href":"https:\/\/champagnole.circo39.ac-besancon.fr\/index.php?rest_route=%2Fwp%2Fv2%2Fcategories&post=7838"},{"taxonomy":"post_tag","embeddable":true,"href":"https:\/\/champagnole.circo39.ac-besancon.fr\/index.php?rest_route=%2Fwp%2Fv2%2Ftags&post=7838"}],"curies":[{"name":"wp","href":"https:\/\/api.w.org\/{rel}","templated":true}]}}