{"id":7758,"date":"2021-02-25T08:31:03","date_gmt":"2021-02-25T07:31:03","guid":{"rendered":"https:\/\/champagnole.circo39.ac-besancon.fr\/?p=7758"},"modified":"2021-02-25T08:34:33","modified_gmt":"2021-02-25T07:34:33","slug":"semaine-des-mathematiques","status":"publish","type":"post","link":"https:\/\/champagnole.circo39.ac-besancon.fr\/?p=7758","title":{"rendered":"Semaine des math\u00e9matiques \u00e9dition 2021"},"content":{"rendered":"\n<p>La dixi\u00e8me \u00e9dition de la semaine des math\u00e9matiques se tiendra <strong>du 15 au 21 mars 2021. <\/strong>Le th\u00e8me retenu cette ann\u00e9e est \u00ab\u00a0Math\u00e9matiques et soci\u00e9t\u00e9\u00a0\u00bb.<\/p>\n\n\n\n<div class=\"wp-block-image\"><figure class=\"aligncenter size-large is-resized\"><a href=\"https:\/\/eduscol.education.fr\/1980\/semaine-des-mathematiques\" target=\"_blank\" rel=\"noopener noreferrer\"><img loading=\"lazy\" decoding=\"async\" src=\"https:\/\/champagnole.circo39.ac-besancon.fr\/wp-content\/uploads\/sites\/9\/2021\/02\/semaine-maths-21.png\" alt=\"\" class=\"wp-image-7759\" width=\"320\" height=\"456\" srcset=\"https:\/\/champagnole.circo39.ac-besancon.fr\/wp-content\/uploads\/sites\/9\/2021\/02\/semaine-maths-21.png 403w, https:\/\/champagnole.circo39.ac-besancon.fr\/wp-content\/uploads\/sites\/9\/2021\/02\/semaine-maths-21-210x300.png 210w\" sizes=\"auto, (max-width: 320px) 100vw, 320px\" \/><\/a><figcaption>Source \u00e9duscol<\/figcaption><\/figure><\/div>\n\n\n\n<!--more-->\n\n\n\n<p>Cette op\u00e9ration\u00a0a pour objectif de montrer \u00e0 tous les \u00e9l\u00e8ves ainsi qu\u2019\u00e0 leurs parents, une image actuelle, vivante et attractive des math\u00e9matiques.<\/p>\n\n\n\n<p>Sur la\u00a0<a rel=\"noreferrer noopener\" href=\"https:\/\/eduscol.education.fr\/1980\/semaine-des-mathematiques\" target=\"_blank\">page d\u00e9di\u00e9e<\/a>\u00a0diffus\u00e9e sur \u00e9duscol, vous trouverez le<strong>\u00a0guide de pr\u00e9sentation<\/strong>\u00a0ainsi que des\u00a0<strong>exemples d\u2019actions<\/strong>.<\/p>\n\n\n\n<h3 class=\"wp-block-heading\">Zoom sur quelques propositions : <\/h3>\n\n\n\n<p><strong><a rel=\"noreferrer noopener\" href=\"https:\/\/www.reseau-canope.fr\/service\/cano-mathope.html\" target=\"_blank\">L&rsquo;Atelier Canop\u00e9 38<\/a><\/strong> propose des \u00e9nigmes quotidiennes (pour chaque cycle), des ateliers interactifs et des soir\u00e9es \u00e9cole\/famille\/recherche. <\/p>\n\n\n\n<p><strong><a rel=\"noreferrer noopener\" href=\"https:\/\/www.mathsenvie.fr\/?p=8135\" target=\"_blank\">M@ths en vie<\/a><\/strong> propose un grand rallye collaboratif pour les \u00e9l\u00e8ves des cycles 2 et 3. <\/p>\n\n\n\n<p>Avec <a href=\"http:\/\/ww2.ac-poitiers.fr\/math\/spip.php?article1119\" target=\"_blank\" rel=\"noreferrer noopener\"><strong>EnigMATHum <\/strong><\/a>les \u00e9l\u00e8ves sont invit\u00e9s \u00e0 r\u00e9aliser de vid\u00e9os courtes mettant en sc\u00e8ne une curiosit\u00e9 math\u00e9matique. <\/p>\n","protected":false},"excerpt":{"rendered":"<p>La dixi\u00e8me \u00e9dition de la semaine des math\u00e9matiques se tiendra du 15 au 21 mars 2021. Le th\u00e8me retenu cette ann\u00e9e est \u00ab\u00a0Math\u00e9matiques et soci\u00e9t\u00e9\u00a0\u00bb.<\/p>\n","protected":false},"author":42,"featured_media":0,"comment_status":"closed","ping_status":"open","sticky":false,"template":"","format":"standard","meta":{"footnotes":""},"categories":[1],"tags":[],"class_list":["post-7758","post","type-post","status-publish","format-standard","hentry","category-non-classe"],"_links":{"self":[{"href":"https:\/\/champagnole.circo39.ac-besancon.fr\/index.php?rest_route=\/wp\/v2\/posts\/7758","targetHints":{"allow":["GET"]}}],"collection":[{"href":"https:\/\/champagnole.circo39.ac-besancon.fr\/index.php?rest_route=\/wp\/v2\/posts"}],"about":[{"href":"https:\/\/champagnole.circo39.ac-besancon.fr\/index.php?rest_route=\/wp\/v2\/types\/post"}],"author":[{"embeddable":true,"href":"https:\/\/champagnole.circo39.ac-besancon.fr\/index.php?rest_route=\/wp\/v2\/users\/42"}],"replies":[{"embeddable":true,"href":"https:\/\/champagnole.circo39.ac-besancon.fr\/index.php?rest_route=%2Fwp%2Fv2%2Fcomments&post=7758"}],"version-history":[{"count":3,"href":"https:\/\/champagnole.circo39.ac-besancon.fr\/index.php?rest_route=\/wp\/v2\/posts\/7758\/revisions"}],"predecessor-version":[{"id":7762,"href":"https:\/\/champagnole.circo39.ac-besancon.fr\/index.php?rest_route=\/wp\/v2\/posts\/7758\/revisions\/7762"}],"wp:attachment":[{"href":"https:\/\/champagnole.circo39.ac-besancon.fr\/index.php?rest_route=%2Fwp%2Fv2%2Fmedia&parent=7758"}],"wp:term":[{"taxonomy":"category","embeddable":true,"href":"https:\/\/champagnole.circo39.ac-besancon.fr\/index.php?rest_route=%2Fwp%2Fv2%2Fcategories&post=7758"},{"taxonomy":"post_tag","embeddable":true,"href":"https:\/\/champagnole.circo39.ac-besancon.fr\/index.php?rest_route=%2Fwp%2Fv2%2Ftags&post=7758"}],"curies":[{"name":"wp","href":"https:\/\/api.w.org\/{rel}","templated":true}]}}