{"id":5864,"date":"2019-12-18T11:48:05","date_gmt":"2019-12-18T10:48:05","guid":{"rendered":"https:\/\/champagnole.circo39.ac-besancon.fr\/?p=5864"},"modified":"2020-02-19T11:19:23","modified_gmt":"2020-02-19T10:19:23","slug":"enseigner-le-lexique-du-ce1-au-cm2","status":"publish","type":"post","link":"https:\/\/champagnole.circo39.ac-besancon.fr\/?p=5864","title":{"rendered":"Enseigner le lexique du CE1 au CM2"},"content":{"rendered":"<p>Vous trouverez ci-dessous les documents et les ressources pr\u00e9sent\u00e9s lors du temps de formation consacr\u00e9e \u00e0 l\u2019enseignement du lexique du CE1 au CM2.<\/p>\n<p><!--more--><\/p>\n<p><strong>Diaporama<\/strong><\/p>\n<ul>\n<li><a href=\"https:\/\/champagnole.circo39.ac-besancon.fr\/wp-content\/uploads\/sites\/9\/2020\/02\/Enseigner-le-lexique-du-CE1-au-CM2.pdf\">Enseigner le lexique du CE1 au CM2<\/a><\/li>\n<\/ul>\n<p><strong>Documents \u00c9duscol<\/strong><\/p>\n<p>\u2022<a href=\"https:\/\/eduscol.education.fr\/pid25992-cid59265\/enseigner-le-vocabulaire.html\"> Enseigner le vocabulaire<\/a><\/p>\n<p>\u2022 <a href=\"https:\/\/eduscol.education.fr\/cid129895\/lexique-et-culture.htm\">Lexique et culture<\/a><\/p>\n<p><strong>Note de service &amp; Circulaire<\/strong><\/p>\n<p>\u2022 <a href=\"https:\/\/www.education.gouv.fr\/pid285\/bulletin_officiel.html?cid_bo=128707\">Enseignement de la grammaire et du vocabulaire\u00a0: un enjeu majeur pour la ma\u00eetrise de la langue fran\u00e7aise<\/a><\/p>\n<p>\u2022 <a href=\"https:\/\/www.education.gouv.fr\/pid285\/bulletin_officiel.html?cid_bo=142293\" target=\"_blank\" rel=\"noopener noreferrer\">L&rsquo;\u00e9cole maternelle, l&rsquo;\u00e9cole du langage<\/a><\/p>\n<p><strong>Les guides<\/strong><\/p>\n<p>\u2022 <a href=\"https:\/\/cache.media.eduscol.education.fr\/file\/Cycle_2\/17\/5\/Livre_Lecture-ecriture_2019_CE1_web_1173175.pdf\" target=\"_blank\" rel=\"noopener noreferrer\">Pour enseigner la lecture et l&rsquo;\u00e9criture au CE1<\/a><\/p>\n<p>\u2022 <a href=\"https:\/\/cache.media.eduscol.education.fr\/file\/maternelle\/63\/7\/Les_mots_de_la_maternelle_1171637.pdf\" target=\"_blank\" rel=\"noopener noreferrer\">Les mots de la maternelle<\/a><\/p>\n<p><strong>L\u2019ouvrage<\/strong><\/p>\n<ul>\n<li><a href=\"https:\/\/www.editions-retz.com\/pedagogie\/maitrise-de-la-langue\/guide-pour-enseigner-le-vocabulaire-a-l-ecole-elementaire-cd-rom-9782725633602.html\" target=\"_blank\" rel=\"noopener noreferrer\">Guide pour enseigner le vocabulaire \u00e0 l\u2019\u00e9cole \u00e9l\u00e9mentaire de Micheline Cellier aux \u00c9ditions RETZ<\/a><\/li>\n<\/ul>\n<p><strong>Site<\/strong><a href=\"https:\/\/www.vocanet.fr\/index.php\/liste-generale\" target=\"_blank\" rel=\"noopener noreferrer\"> vocanet<\/a><\/p>\n\n\n<p><\/p>\n","protected":false},"excerpt":{"rendered":"<p>Vous trouverez ci-dessous les documents et les ressources pr\u00e9sent\u00e9s lors du temps de formation consacr\u00e9e \u00e0 l\u2019enseignement du lexique du CE1 au CM2.<\/p>\n","protected":false},"author":43,"featured_media":0,"comment_status":"closed","ping_status":"open","sticky":false,"template":"","format":"standard","meta":{"footnotes":""},"categories":[319,23],"tags":[],"class_list":["post-5864","post","type-post","status-publish","format-standard","hentry","category-etude-de-la-langue","category-formation"],"_links":{"self":[{"href":"https:\/\/champagnole.circo39.ac-besancon.fr\/index.php?rest_route=\/wp\/v2\/posts\/5864","targetHints":{"allow":["GET"]}}],"collection":[{"href":"https:\/\/champagnole.circo39.ac-besancon.fr\/index.php?rest_route=\/wp\/v2\/posts"}],"about":[{"href":"https:\/\/champagnole.circo39.ac-besancon.fr\/index.php?rest_route=\/wp\/v2\/types\/post"}],"author":[{"embeddable":true,"href":"https:\/\/champagnole.circo39.ac-besancon.fr\/index.php?rest_route=\/wp\/v2\/users\/43"}],"replies":[{"embeddable":true,"href":"https:\/\/champagnole.circo39.ac-besancon.fr\/index.php?rest_route=%2Fwp%2Fv2%2Fcomments&post=5864"}],"version-history":[{"count":8,"href":"https:\/\/champagnole.circo39.ac-besancon.fr\/index.php?rest_route=\/wp\/v2\/posts\/5864\/revisions"}],"predecessor-version":[{"id":6201,"href":"https:\/\/champagnole.circo39.ac-besancon.fr\/index.php?rest_route=\/wp\/v2\/posts\/5864\/revisions\/6201"}],"wp:attachment":[{"href":"https:\/\/champagnole.circo39.ac-besancon.fr\/index.php?rest_route=%2Fwp%2Fv2%2Fmedia&parent=5864"}],"wp:term":[{"taxonomy":"category","embeddable":true,"href":"https:\/\/champagnole.circo39.ac-besancon.fr\/index.php?rest_route=%2Fwp%2Fv2%2Fcategories&post=5864"},{"taxonomy":"post_tag","embeddable":true,"href":"https:\/\/champagnole.circo39.ac-besancon.fr\/index.php?rest_route=%2Fwp%2Fv2%2Ftags&post=5864"}],"curies":[{"name":"wp","href":"https:\/\/api.w.org\/{rel}","templated":true}]}}