{"id":5156,"date":"2019-04-30T16:33:06","date_gmt":"2019-04-30T14:33:06","guid":{"rendered":"https:\/\/champagnole.circo39.ac-besancon.fr\/?p=5156"},"modified":"2019-12-20T11:14:59","modified_gmt":"2019-12-20T10:14:59","slug":"etude-de-la-langue","status":"publish","type":"post","link":"https:\/\/champagnole.circo39.ac-besancon.fr\/?p=5156","title":{"rendered":"\u00c9tude de la langue"},"content":{"rendered":"<p>Vous trouverez ci-dessous les documents et les ressources pr\u00e9sent\u00e9s lors du temps de formation consacr\u00e9e \u00e0 l\u2019\u00e9tude de la langue aux cycles 2 et 3.<!--more--><\/p>\n<p><strong>Le guide<\/strong> <a href=\"http:\/\/cache.media.eduscol.education.fr\/file\/Actualites\/23\/2\/Lecture_ecriture_versionWEB_939232.pdf\" target=\"_blank\" rel=\"noopener noreferrer\">\u00ab\u00a0Pour enseigner la lecture et l\u2019\u00e9criture au CP\u00a0\u00bb<\/a><\/p>\n<p><strong>Vid\u00e9o de pr\u00e9sentation d&rsquo;Anagraph<\/strong> par Roland Goigoux <strong>(paragraphe 5) <\/strong>intitul\u00e9e\u00a0<a href=\"http:\/\/centre-alain-savary.ens-lyon.fr\/CAS\/education-prioritaire\/ressources\/theme-1-perspectives-pedagogiques-et-educatives\/lire-ecrire-parler-pour-apprendre-dans-toutes-les-disciplines\/roland-goigux-enseigner-lire-ecrire-au-cp\" target=\"_blank\" rel=\"noopener noreferrer\">\u00ab\u00a0Comment choisir les textes supports \u00e0 l&rsquo;enseignement de la lecture ?\u00a0\u00bb\u00a0<\/a>et lien vers la plateforme <a href=\"http:\/\/anagraph.ens-lyon.fr\/app.php\" target=\"_blank\" rel=\"noopener noreferrer\">ANAGRAPH<\/a><\/p>\n<p><strong>Fr\u00e9quences des correspondances graph\u00e8mes-phon\u00e8mes<\/strong><\/p>\n<ul>\n<li><a href=\"https:\/\/champagnole.circo39.ac-besancon.fr\/wp-content\/uploads\/sites\/9\/2019\/01\/Progression-dans-letude-des-phonemes.pdf\" target=\"_blank\" rel=\"noopener noreferrer\">Progression dans l&rsquo;\u00e9tude des phon\u00e8mes<\/a><\/li>\n<li><a href=\"https:\/\/champagnole.circo39.ac-besancon.fr\/wp-content\/uploads\/sites\/9\/2019\/01\/Frequences-theoriques-des-correspondances-graphophonemiques.pdf\" target=\"_blank\" rel=\"noopener noreferrer\">Fr\u00e9quences th\u00e9oriqu<\/a><a href=\"https:\/\/champagnole.circo39.ac-besancon.fr\/wp-content\/uploads\/sites\/9\/2019\/01\/Frequences-theoriques-des-correspondances-graphophonemiques.pdf\" target=\"_blank\" rel=\"noopener noreferrer\">es des correspondances graphophon\u00e9miques<\/a><\/li>\n<\/ul>\n<p><b>Liste de mots <\/b><b>par nature et par<\/b><b> fr\u00e9quence<\/b><\/p>\n<ul>\n<li style=\"list-style-type: none\">\n<ul>\n<li><a href=\"http:\/\/cache.media.eduscol.education.fr\/file\/ecole\/36\/3\/mots_nature_frequence_124997_292363.pdf\">Liste de fr\u00e9quence par nature et par fr\u00e9quence<\/a><\/li>\n<li><a href=\"http:\/\/eduscol.education.fr\/cid50486\/liste-de-frequence-lexicale.html\">Listes de fr\u00e9quence<\/a><\/li>\n<\/ul>\n<\/li>\n<\/ul>\n<p><b>Rep\u00e8res annuels de progressions fran\u00e7ais et attendus de fin d\u2019ann\u00e9e<br \/>\n<\/b><\/p>\n<ul>\n<li><a href=\"http:\/\/cache.media.eduscol.education.fr\/file\/Consultation_Reperes_et_attendus_2018\/42\/4\/Reperes_Francais-CE1_1019424.pdf\">Rep\u00e8res annuels de progressions fran\u00e7ais CE1<\/a><\/li>\n<li><a href=\"http:\/\/cache.media.eduscol.education.fr\/file\/Consultation_Reperes_et_attendus_2018\/42\/5\/Reperes_Francais-CE2_1019425.pdf\">Rep\u00e8res annuels de progressions fran\u00e7ais CE2<\/a><\/li>\n<li><a href=\"http:\/\/cache.media.eduscol.education.fr\/file\/Consultation_Reperes_et_attendus_2018\/42\/6\/Reperes_Francais-CM1_1019426.pdf\">Rep\u00e8res annuels de progressions de fran\u00e7ais CM1<\/a><\/li>\n<li><a href=\"http:\/\/cache.media.eduscol.education.fr\/file\/Consultation_Reperes_et_attendus_2018\/42\/7\/Reperes_Francais-CM2_1019427.pdf\">Rep\u00e8res annuels de progressions de fran\u00e7ais CM2<\/a><\/li>\n<\/ul>\n<p><b>Documents \u00c9duscol<\/b><\/p>\n<ul>\n<li><a href=\"http:\/\/cache.media.eduscol.education.fr\/file\/Etude_de_la_langue\/32\/9\/RA16_C2C3_FRA_4_Gestion-orthog-nombre-GN_636329.pdf\">Gestion orthographique du nombre au sein du groupe nominal<\/a><\/li>\n<li><a href=\"http:\/\/cache.media.eduscol.education.fr\/file\/Etude_de_la_langue\/32\/7\/RA16_C2C3_FRA_4_Gestion-orthog-genre-GN_636327.pdf\">Gestion orthographique du genre au sein du groupe nominal<\/a><\/li>\n<li><a href=\"https:\/\/champagnole.circo39.ac-besancon.fr\/wp-content\/uploads\/sites\/9\/2019\/04\/RA16_C3-C4_Francais_Etude_langue_Differentes_formes_dictees_activites_759208.pdf\">Diff\u00e9rentes formes de dict\u00e9e<\/a><\/li>\n<li><a href=\"https:\/\/champagnole.circo39.ac-besancon.fr\/wp-content\/uploads\/sites\/9\/2019\/04\/RA16_C2_FRA_DicteeCP_843415.pdf\">La dict\u00e9e au CP<\/a><\/li>\n<li><a href=\"https:\/\/champagnole.circo39.ac-besancon.fr\/wp-content\/uploads\/sites\/9\/2019\/04\/RA16_C3-C4_Francais_Etude_langue_Enseigner_orthographe_774315.pdf\">Enseigner l&rsquo;orthographe du cycle 3 au cycle 4<\/a><\/li>\n<\/ul>\n<p><strong>Vid\u00e9os<\/strong><\/p>\n<ul>\n<li><a href=\"https:\/\/www.reseau-canope.fr\/bsd\/sequence.aspx?bloc=729\">Dict\u00e9e n\u00e9goci\u00e9e<\/a><\/li>\n<li><a href=\"http:\/\/videos.education.fr\/MENESR\/eduscol.education.fr\/2016\/Ressources2016\/Francais\/RA_C2C3_Francais_Etude_langue_Belle_de_mai_capsule1.mp4\">S\u00e9ance de grammaire explicite, r\u00e9flexive et active en classe de sixi\u00e8me<\/a><\/li>\n<\/ul>\n","protected":false},"excerpt":{"rendered":"<p>Vous trouverez ci-dessous les documents et les ressources pr\u00e9sent\u00e9s lors du temps de formation consacr\u00e9e \u00e0 l\u2019\u00e9tude de la langue aux cycles 2 et 3.<\/p>\n","protected":false},"author":43,"featured_media":0,"comment_status":"closed","ping_status":"open","sticky":false,"template":"","format":"standard","meta":{"footnotes":""},"categories":[140,1],"tags":[],"class_list":["post-5156","post","type-post","status-publish","format-standard","hentry","category-francais","category-non-classe"],"_links":{"self":[{"href":"https:\/\/champagnole.circo39.ac-besancon.fr\/index.php?rest_route=\/wp\/v2\/posts\/5156","targetHints":{"allow":["GET"]}}],"collection":[{"href":"https:\/\/champagnole.circo39.ac-besancon.fr\/index.php?rest_route=\/wp\/v2\/posts"}],"about":[{"href":"https:\/\/champagnole.circo39.ac-besancon.fr\/index.php?rest_route=\/wp\/v2\/types\/post"}],"author":[{"embeddable":true,"href":"https:\/\/champagnole.circo39.ac-besancon.fr\/index.php?rest_route=\/wp\/v2\/users\/43"}],"replies":[{"embeddable":true,"href":"https:\/\/champagnole.circo39.ac-besancon.fr\/index.php?rest_route=%2Fwp%2Fv2%2Fcomments&post=5156"}],"version-history":[{"count":10,"href":"https:\/\/champagnole.circo39.ac-besancon.fr\/index.php?rest_route=\/wp\/v2\/posts\/5156\/revisions"}],"predecessor-version":[{"id":5913,"href":"https:\/\/champagnole.circo39.ac-besancon.fr\/index.php?rest_route=\/wp\/v2\/posts\/5156\/revisions\/5913"}],"wp:attachment":[{"href":"https:\/\/champagnole.circo39.ac-besancon.fr\/index.php?rest_route=%2Fwp%2Fv2%2Fmedia&parent=5156"}],"wp:term":[{"taxonomy":"category","embeddable":true,"href":"https:\/\/champagnole.circo39.ac-besancon.fr\/index.php?rest_route=%2Fwp%2Fv2%2Fcategories&post=5156"},{"taxonomy":"post_tag","embeddable":true,"href":"https:\/\/champagnole.circo39.ac-besancon.fr\/index.php?rest_route=%2Fwp%2Fv2%2Ftags&post=5156"}],"curies":[{"name":"wp","href":"https:\/\/api.w.org\/{rel}","templated":true}]}}