{"id":4831,"date":"2019-01-11T08:31:20","date_gmt":"2019-01-11T07:31:20","guid":{"rendered":"https:\/\/champagnole.circo39.ac-besancon.fr\/?p=4831"},"modified":"2019-05-02T11:14:39","modified_gmt":"2019-05-02T09:14:39","slug":"mternelle-lettre-dinformations-n2","status":"publish","type":"post","link":"https:\/\/champagnole.circo39.ac-besancon.fr\/?p=4831","title":{"rendered":"M@ternelle &#8211; lettre d&rsquo;informations n\u00b02 &#8211; d\u00e9cembre 2018"},"content":{"rendered":"<p style=\"text-align: center\"><a href=\"https:\/\/champagnole.circo39.ac-besancon.fr\/wp-content\/uploads\/sites\/9\/2019\/01\/maternelle2-1.jpg\"><img loading=\"lazy\" decoding=\"async\" class=\"alignnone wp-image-4835\" src=\"https:\/\/champagnole.circo39.ac-besancon.fr\/wp-content\/uploads\/sites\/9\/2019\/01\/maternelle2-1-300x56.jpg\" alt=\"\" width=\"321\" height=\"60\" srcset=\"https:\/\/champagnole.circo39.ac-besancon.fr\/wp-content\/uploads\/sites\/9\/2019\/01\/maternelle2-1-300x56.jpg 300w, https:\/\/champagnole.circo39.ac-besancon.fr\/wp-content\/uploads\/sites\/9\/2019\/01\/maternelle2-1.jpg 545w\" sizes=\"auto, (max-width: 321px) 100vw, 321px\" \/><\/a><\/p>\n<p>Depuis cette ann\u00e9e, le groupe d\u00e9partemental charg\u00e9 de la maternelle publie une lettre contenant diverses informations concernant le cycle 1. Dans ce deuxi\u00e8me num\u00e9ro, vous trouverez :<\/p>\n<ul>\n<li><strong>des\u00a0<\/strong><strong>ressources<\/strong>\u00a0pour l&rsquo;enseignement du vocabulaire ou des propositions de situations num\u00e9riques et spatiales,<\/li>\n<li><strong>des astuces <\/strong>comme un\u00a0outil pour calculer les statistiques d&rsquo;appel de fin de mois, une recette de p\u00e2te \u00e0 modeler&#8230;<\/li>\n<li><strong>un focus<\/strong>\u00a0sur les ressources pour accompagner la scolarisation des \u00e9l\u00e8ves allophones.<\/li>\n<\/ul>\n<p><!--more--><\/p>\n<p style=\"text-align: center\"><a href=\"http:\/\/maternelle.circo39.ac-besancon.fr\/wp-content\/uploads\/sites\/17\/2019\/01\/Lettre-Maternelle-decembre-2018-1.pdf\" target=\"_blank\" rel=\"noopener\"><img loading=\"lazy\" decoding=\"async\" class=\"alignnone size-medium wp-image-4832\" src=\"https:\/\/champagnole.circo39.ac-besancon.fr\/wp-content\/uploads\/sites\/9\/2019\/01\/maternelle2-212x300.jpg\" alt=\"\" width=\"212\" height=\"300\" srcset=\"https:\/\/champagnole.circo39.ac-besancon.fr\/wp-content\/uploads\/sites\/9\/2019\/01\/maternelle2-212x300.jpg 212w, https:\/\/champagnole.circo39.ac-besancon.fr\/wp-content\/uploads\/sites\/9\/2019\/01\/maternelle2.jpg 595w\" sizes=\"auto, (max-width: 212px) 100vw, 212px\" \/><\/a><\/p>\n","protected":false},"excerpt":{"rendered":"<p>Depuis cette ann\u00e9e, le groupe d\u00e9partemental charg\u00e9 de la maternelle publie une lettre contenant diverses informations concernant le cycle 1. Dans ce deuxi\u00e8me num\u00e9ro, vous trouverez : des\u00a0ressources\u00a0pour l&rsquo;enseignement du vocabulaire ou des propositions de situations num\u00e9riques et spatiales, des astuces comme un\u00a0outil pour calculer les statistiques d&rsquo;appel de fin de mois, une recette de &hellip; <a href=\"https:\/\/champagnole.circo39.ac-besancon.fr\/?p=4831\" class=\"more-link\">Continuer la lecture de <span class=\"screen-reader-text\">M@ternelle &#8211; lettre d&rsquo;informations n\u00b02 &#8211; d\u00e9cembre 2018<\/span>  <span class=\"meta-nav\">&rarr;<\/span><\/a><\/p>\n","protected":false},"author":42,"featured_media":0,"comment_status":"open","ping_status":"open","sticky":false,"template":"","format":"standard","meta":{"footnotes":""},"categories":[158,92],"tags":[],"class_list":["post-4831","post","type-post","status-publish","format-standard","hentry","category-mise-en-oeuvre-des-programmes","category-outils-2"],"_links":{"self":[{"href":"https:\/\/champagnole.circo39.ac-besancon.fr\/index.php?rest_route=\/wp\/v2\/posts\/4831","targetHints":{"allow":["GET"]}}],"collection":[{"href":"https:\/\/champagnole.circo39.ac-besancon.fr\/index.php?rest_route=\/wp\/v2\/posts"}],"about":[{"href":"https:\/\/champagnole.circo39.ac-besancon.fr\/index.php?rest_route=\/wp\/v2\/types\/post"}],"author":[{"embeddable":true,"href":"https:\/\/champagnole.circo39.ac-besancon.fr\/index.php?rest_route=\/wp\/v2\/users\/42"}],"replies":[{"embeddable":true,"href":"https:\/\/champagnole.circo39.ac-besancon.fr\/index.php?rest_route=%2Fwp%2Fv2%2Fcomments&post=4831"}],"version-history":[{"count":6,"href":"https:\/\/champagnole.circo39.ac-besancon.fr\/index.php?rest_route=\/wp\/v2\/posts\/4831\/revisions"}],"predecessor-version":[{"id":4834,"href":"https:\/\/champagnole.circo39.ac-besancon.fr\/index.php?rest_route=\/wp\/v2\/posts\/4831\/revisions\/4834"}],"wp:attachment":[{"href":"https:\/\/champagnole.circo39.ac-besancon.fr\/index.php?rest_route=%2Fwp%2Fv2%2Fmedia&parent=4831"}],"wp:term":[{"taxonomy":"category","embeddable":true,"href":"https:\/\/champagnole.circo39.ac-besancon.fr\/index.php?rest_route=%2Fwp%2Fv2%2Fcategories&post=4831"},{"taxonomy":"post_tag","embeddable":true,"href":"https:\/\/champagnole.circo39.ac-besancon.fr\/index.php?rest_route=%2Fwp%2Fv2%2Ftags&post=4831"}],"curies":[{"name":"wp","href":"https:\/\/api.w.org\/{rel}","templated":true}]}}