{"id":4790,"date":"2019-01-07T16:04:17","date_gmt":"2019-01-07T15:04:17","guid":{"rendered":"https:\/\/champagnole.circo39.ac-besancon.fr\/?p=4790"},"modified":"2019-04-05T15:56:59","modified_gmt":"2019-04-05T13:56:59","slug":"semaine-de-la-presse-et-des-medias-dans-lecole-edition-2019","status":"publish","type":"post","link":"https:\/\/champagnole.circo39.ac-besancon.fr\/?p=4790","title":{"rendered":"Semaine de la presse et des m\u00e9dias dans l&rsquo;\u00e9cole &#8211; \u00c9dition 2019"},"content":{"rendered":"<p><a href=\"https:\/\/champagnole.circo39.ac-besancon.fr\/wp-content\/uploads\/sites\/9\/2019\/01\/csm_Inscription-des-enseignants-_-SPME_2019_f2459f90e8.jpg\"><img loading=\"lazy\" decoding=\"async\" class=\" wp-image-4792 alignleft\" src=\"https:\/\/champagnole.circo39.ac-besancon.fr\/wp-content\/uploads\/sites\/9\/2019\/01\/csm_Inscription-des-enseignants-_-SPME_2019_f2459f90e8.jpg\" alt=\"\" width=\"172\" height=\"178\" srcset=\"https:\/\/champagnole.circo39.ac-besancon.fr\/wp-content\/uploads\/sites\/9\/2019\/01\/csm_Inscription-des-enseignants-_-SPME_2019_f2459f90e8.jpg 300w, https:\/\/champagnole.circo39.ac-besancon.fr\/wp-content\/uploads\/sites\/9\/2019\/01\/csm_Inscription-des-enseignants-_-SPME_2019_f2459f90e8-289x300.jpg 289w\" sizes=\"auto, (max-width: 172px) 100vw, 172px\" \/><\/a>La 30\u00e8me \u00e9dition de la semaine de la presse et des m\u00e9dias dans l&rsquo;\u00e9cole, organis\u00e9e par le Cl\u00e9mi, sur le th\u00e8me cette ann\u00e9e de \u00ab\u00a0l&rsquo;information sans fronti\u00e8re ?\u00a0\u00bb\u00a0 aura lieu du\u00a018 au 23 mars 2019.<\/p>\n<p>Attention : Vous pourrez <strong>inscrire votre classe (munissez-vous du RNE de votre \u00e9cole) d\u00e8s ce mardi 8 janvier 2019<\/strong>\u00a0(midi)\u00a0<a href=\"https:\/\/www.clemi.fr\/fr\/semaine-presse-medias.html\" target=\"_blank\" rel=\"noopener\">sur cette page<\/a>\u00a0(et jusqu&rsquo;au 8 f\u00e9vrier minuit) ! <em>Plus vous vous inscrirez t\u00f4t, plus le panel de magazines et journaux disponibles sera riche.<\/em><\/p>\n<p>T\u00e9l\u00e9chargez le flyer de cette \u00e9dition<a href=\"https:\/\/www.clemi.fr\/fileadmin\/user_upload\/SPME2019\/Enseignants__partcipez_SFP.pdf\" target=\"_blank\" rel=\"noopener\"> ici, il vous indiquera la marche \u00e0 suivre pour votre inscription et la r\u00e9servation des journaux.<\/a><\/p>\n<p><!--more-->Comme il est pr\u00e9cis\u00e9 sur le site du Cl\u00e9mi&#8230;<\/p>\n<blockquote><p>Le th\u00e8me retenu \u00ab L&rsquo;information sans fronti\u00e8res ?\u00bb permettra\u00a0 d\u2019aborder avec les \u00e9l\u00e8ves (&#8230;) les\u00a0 pratiques et les enjeux de l\u2019information \u00e0 l\u2019\u00e8re du num\u00e9rique. D\u00e9sormais plurielle, l\u2019information survient \u00e0 chaque instant, en provenance de tous les horizons, produite par toute sorte d\u2019acteurs. Elle prolonge le questionnement autour des nouveaux modes de diffusion, de circulation et de partage de l\u2019information.<\/p><\/blockquote>\n<figure id=\"attachment_4793\" aria-describedby=\"caption-attachment-4793\" style=\"width: 212px\" class=\"wp-caption alignright\"><a href=\"https:\/\/champagnole.circo39.ac-besancon.fr\/wp-content\/uploads\/sites\/9\/2019\/01\/Affiche___SPME30eme___Final___Sans_Unipress___SFP_compressed_p1.jpg\"><img loading=\"lazy\" decoding=\"async\" class=\" wp-image-4793\" src=\"https:\/\/champagnole.circo39.ac-besancon.fr\/wp-content\/uploads\/sites\/9\/2019\/01\/Affiche___SPME30eme___Final___Sans_Unipress___SFP_compressed_p1-724x1024.jpg\" alt=\"\" width=\"212\" height=\"300\" srcset=\"https:\/\/champagnole.circo39.ac-besancon.fr\/wp-content\/uploads\/sites\/9\/2019\/01\/Affiche___SPME30eme___Final___Sans_Unipress___SFP_compressed_p1-724x1024.jpg 724w, https:\/\/champagnole.circo39.ac-besancon.fr\/wp-content\/uploads\/sites\/9\/2019\/01\/Affiche___SPME30eme___Final___Sans_Unipress___SFP_compressed_p1-212x300.jpg 212w, https:\/\/champagnole.circo39.ac-besancon.fr\/wp-content\/uploads\/sites\/9\/2019\/01\/Affiche___SPME30eme___Final___Sans_Unipress___SFP_compressed_p1-768x1086.jpg 768w, https:\/\/champagnole.circo39.ac-besancon.fr\/wp-content\/uploads\/sites\/9\/2019\/01\/Affiche___SPME30eme___Final___Sans_Unipress___SFP_compressed_p1.jpg 1653w\" sizes=\"auto, (max-width: 212px) 100vw, 212px\" \/><\/a><figcaption id=\"caption-attachment-4793\" class=\"wp-caption-text\">Affiche SPME 2019<\/figcaption><\/figure>\n<p>Vous trouverez le dossier p\u00e9dagogique \u00e0 destination des enseignants, pr\u00e9par\u00e9 par les \u00e9quipes du Cl\u00e9mi <a href=\"https:\/\/www.clemi.fr\/fr\/ressources\/dossier-pedagogique-de-la-semaine-de-la-presse-et-des-medias-dans-lecole.html\" target=\"_blank\" rel=\"noopener\">\u00e0 cette adresse.<\/a><\/p>\n<p>Il contient des fiches d&rsquo;informations, des fiches ressources et des fiches p\u00e9dagogiques.<\/p>\n<p>N&rsquo;h\u00e9sitez pas \u00e0 contacter A. Terrier, ERUN, pour vous aider \u00e0 mettre en oeuvre un projet.<\/p>\n<p><strong>NB : Pour les coll\u00e8gues de cycles 2 et 3 int\u00e9ress\u00e9s, une \u00ab\u00a0pause d\u00e9jeuner num\u00e9rique\u00a0\u00bb, anim\u00e9e par A. Terrier, et d\u00e9di\u00e9e \u00e0 l&rsquo;\u00e9ducation aux m\u00e9dias et \u00e0 l&rsquo;information, aura bient\u00f4t lieu lieu dans votre secteur.\u00a0<\/strong><em><strong>Pr\u00e9cisions sur les dates et lieux \u00e0 venir&#8230;<\/strong><\/em><\/p>\n","protected":false},"excerpt":{"rendered":"<p>La 30\u00e8me \u00e9dition de la semaine de la presse et des m\u00e9dias dans l&rsquo;\u00e9cole, organis\u00e9e par le Cl\u00e9mi, sur le th\u00e8me cette ann\u00e9e de \u00ab\u00a0l&rsquo;information sans fronti\u00e8re ?\u00a0\u00bb\u00a0 aura lieu du\u00a018 au 23 mars 2019. Attention : Vous pourrez inscrire votre classe (munissez-vous du RNE de votre \u00e9cole) d\u00e8s ce mardi 8 janvier 2019\u00a0(midi)\u00a0sur cette &hellip; <a href=\"https:\/\/champagnole.circo39.ac-besancon.fr\/?p=4790\" class=\"more-link\">Continuer la lecture de <span class=\"screen-reader-text\">Semaine de la presse et des m\u00e9dias dans l&rsquo;\u00e9cole &#8211; \u00c9dition 2019<\/span>  <span class=\"meta-nav\">&rarr;<\/span><\/a><\/p>\n","protected":false},"author":11,"featured_media":0,"comment_status":"open","ping_status":"open","sticky":false,"template":"","format":"standard","meta":{"footnotes":""},"categories":[145,140,90],"tags":[272,213,196,313],"class_list":["post-4790","post","type-post","status-publish","format-standard","hentry","category-e-m-c","category-francais","category-numerique","tag-clemi","tag-emc","tag-emi","tag-spme"],"_links":{"self":[{"href":"https:\/\/champagnole.circo39.ac-besancon.fr\/index.php?rest_route=\/wp\/v2\/posts\/4790","targetHints":{"allow":["GET"]}}],"collection":[{"href":"https:\/\/champagnole.circo39.ac-besancon.fr\/index.php?rest_route=\/wp\/v2\/posts"}],"about":[{"href":"https:\/\/champagnole.circo39.ac-besancon.fr\/index.php?rest_route=\/wp\/v2\/types\/post"}],"author":[{"embeddable":true,"href":"https:\/\/champagnole.circo39.ac-besancon.fr\/index.php?rest_route=\/wp\/v2\/users\/11"}],"replies":[{"embeddable":true,"href":"https:\/\/champagnole.circo39.ac-besancon.fr\/index.php?rest_route=%2Fwp%2Fv2%2Fcomments&post=4790"}],"version-history":[{"count":6,"href":"https:\/\/champagnole.circo39.ac-besancon.fr\/index.php?rest_route=\/wp\/v2\/posts\/4790\/revisions"}],"predecessor-version":[{"id":4795,"href":"https:\/\/champagnole.circo39.ac-besancon.fr\/index.php?rest_route=\/wp\/v2\/posts\/4790\/revisions\/4795"}],"wp:attachment":[{"href":"https:\/\/champagnole.circo39.ac-besancon.fr\/index.php?rest_route=%2Fwp%2Fv2%2Fmedia&parent=4790"}],"wp:term":[{"taxonomy":"category","embeddable":true,"href":"https:\/\/champagnole.circo39.ac-besancon.fr\/index.php?rest_route=%2Fwp%2Fv2%2Fcategories&post=4790"},{"taxonomy":"post_tag","embeddable":true,"href":"https:\/\/champagnole.circo39.ac-besancon.fr\/index.php?rest_route=%2Fwp%2Fv2%2Ftags&post=4790"}],"curies":[{"name":"wp","href":"https:\/\/api.w.org\/{rel}","templated":true}]}}