{"id":4448,"date":"2018-09-25T13:30:18","date_gmt":"2018-09-25T11:30:18","guid":{"rendered":"https:\/\/champagnole.circo39.ac-besancon.fr\/?p=4448"},"modified":"2018-11-09T08:17:50","modified_gmt":"2018-11-09T07:17:50","slug":"commemoration-1914-1918-cycle-3","status":"publish","type":"post","link":"https:\/\/champagnole.circo39.ac-besancon.fr\/?p=4448","title":{"rendered":"Comm\u00e9moration 1914-1918"},"content":{"rendered":"<p><a href=\"https:\/\/champagnole.circo39.ac-besancon.fr\/wp-content\/uploads\/sites\/9\/2018\/09\/commemoration-monument-morts.jpg\"><img loading=\"lazy\" decoding=\"async\" class=\" wp-image-4472 alignleft\" src=\"https:\/\/champagnole.circo39.ac-besancon.fr\/wp-content\/uploads\/sites\/9\/2018\/09\/commemoration-monument-morts.jpg\" alt=\"\" width=\"123\" height=\"158\" \/><\/a><\/p>\n<p>Nous vous proposons des ressources pour\u00a0d\u00e9velopper des projets li\u00e9s \u00e0 la <strong>comm\u00e9moration du centenaire de la fin de la premi\u00e8re guerre mondiale<\/strong>.<\/p>\n<p>&nbsp;<\/p>\n<p><!--more--><\/p>\n<ul>\n<li><strong>Autour du monument aux morts de la commune :<\/strong>\n<ul>\n<li>Participer aux comm\u00e9morations se tenant dans la commune le 11 novembre.<\/li>\n<li>Rechercher des informations concernant les Poilus de la commune d\u00e9c\u00e9d\u00e9s lors de ce conflit\u00a0<em>(\u00e0 partir des noms relev\u00e9s sur le monument aux morts)<\/em>\u00a0:\n<ul>\n<li>\u00e0 partir du site :\u00a0<a href=\"http:\/\/www.memoiredeshommes.sga.defense.gouv.fr\/\" target=\"_blank\" rel=\"noopener\">memoiredeshommes.sga.defense.gouv.fr,\u00a0<\/a>\n<ul>\n<li><strong><em>date et lieu du d\u00e9c\u00e8s, genre de la mort, num\u00e9ro de matricule&#8230;<\/em><\/strong>\n<ul>\n<li>cliquer sur l&rsquo;onglet \u00ab\u00a0Conflits et op\u00e9rations\u00a0\u00bb, puis \u00ab\u00a0Premi\u00e8res Guerre mondiale\u00a0\u00bb et enfin \u00ab\u00a0Morts pour la France de la Premi\u00e8re Guerre mondiale\u00a0\u00bb, ensuite sur\u00a0\u00ab\u00a0Faire une recherche\u00a0\u00bb;<\/li>\n<li>compl\u00e9ter la fiche de recherche avec les informations connues (le nom et le pr\u00e9nom peuvent suffire pour obtenir un r\u00e9sultat) et cliquer sur \u00ab\u00a0Rechercher\u00a0\u00bb, puis sur l&rsquo;ic\u00f4ne en forme d\u2019\u0153il pour faire appara\u00eetre le r\u00e9sultat.\u00a0<a href=\"https:\/\/champagnole.circo39.ac-besancon.fr\/wp-content\/uploads\/sites\/9\/2018\/09\/commemoration-archives.jpg\"><img loading=\"lazy\" decoding=\"async\" class=\"size-medium wp-image-4476 aligncenter\" src=\"https:\/\/champagnole.circo39.ac-besancon.fr\/wp-content\/uploads\/sites\/9\/2018\/09\/commemoration-archives-200x300.jpg\" alt=\"\" width=\"200\" height=\"300\" srcset=\"https:\/\/champagnole.circo39.ac-besancon.fr\/wp-content\/uploads\/sites\/9\/2018\/09\/commemoration-archives-200x300.jpg 200w, https:\/\/champagnole.circo39.ac-besancon.fr\/wp-content\/uploads\/sites\/9\/2018\/09\/commemoration-archives-768x1153.jpg 768w, https:\/\/champagnole.circo39.ac-besancon.fr\/wp-content\/uploads\/sites\/9\/2018\/09\/commemoration-archives-682x1024.jpg 682w, https:\/\/champagnole.circo39.ac-besancon.fr\/wp-content\/uploads\/sites\/9\/2018\/09\/commemoration-archives.jpg 944w\" sizes=\"auto, (max-width: 200px) 100vw, 200px\" \/><\/a><\/li>\n<\/ul>\n<\/li>\n<li><strong><em>lieu de la s\u00e9pulture :<\/em><\/strong>\n<ul>\n<li>cliquer sur l&rsquo;onglet \u00ab\u00a0Conflits et op\u00e9rations\u00a0\u00bb, puis \u00ab\u00a0S\u00e9pultures de guerres\u00a0\u00bb,\u00a0ensuite sur\u00a0\u00ab\u00a0Faire une recherche\u00a0\u00bb;<\/li>\n<li>compl\u00e9ter la fiche de recherche avec les informations connues (le nom et le pr\u00e9nom peuvent suffire pour obtenir un r\u00e9sultat)\u00a0et cliquer sur \u00ab\u00a0Rechercher\u00a0\u00bb, puis sur l&rsquo;ic\u00f4ne en forme de page pour faire appara\u00eetre le r\u00e9sultat.<\/li>\n<\/ul>\n<\/li>\n<\/ul>\n<\/li>\n<li>\u00e0 partir du site :\u00a0<a href=\"http:\/\/www.culture.fr\/Genealogie\/Grand-Memorial\" target=\"_blank\" rel=\"noopener\">culture.fr\/Genealogie\/Grand-Memorial,<\/a>\u00a0en indiquant le nom et le pr\u00e9nom du\u00a0Poilu recherch\u00e9, dans la barre de recherche :\u00a0acc\u00e9der \u00e0 diff\u00e9rentes informations comme un extrait du registre matricule figurant dans les archives nationales.<\/li>\n<li>Lire des t\u00e9moignages de Poilus sur <a href=\"https:\/\/fr.geneawiki.com\/index.php\/Etat_civil_r%C3%A9gimentaire_1914-1918\/Registres\" target=\"_blank\" rel=\"noopener\">Geneawiki.<\/a><\/li>\n<li>D\u00e9couvrir un monument aux morts particulier : <a href=\"https:\/\/fr.wikipedia.org\/wiki\/Le_Monument_vivant_de_Biron\" target=\"_blank\" rel=\"noopener\">le monument vivant de Biron.<\/a><\/li>\n<\/ul>\n<\/li>\n<\/ul>\n<\/li>\n<\/ul>\n<p><a href=\"https:\/\/champagnole.circo39.ac-besancon.fr\/wp-content\/uploads\/sites\/9\/2018\/09\/commemoration-monument-morts-ouverture.jpg\"><img loading=\"lazy\" decoding=\"async\" class=\"size-medium wp-image-4477 aligncenter\" src=\"https:\/\/champagnole.circo39.ac-besancon.fr\/wp-content\/uploads\/sites\/9\/2018\/09\/commemoration-monument-morts-ouverture-300x187.jpg\" alt=\"\" width=\"300\" height=\"187\" srcset=\"https:\/\/champagnole.circo39.ac-besancon.fr\/wp-content\/uploads\/sites\/9\/2018\/09\/commemoration-monument-morts-ouverture-300x187.jpg 300w, https:\/\/champagnole.circo39.ac-besancon.fr\/wp-content\/uploads\/sites\/9\/2018\/09\/commemoration-monument-morts-ouverture.jpg 705w\" sizes=\"auto, (max-width: 300px) 100vw, 300px\" \/><\/a><\/p>\n<ul>\n<li><strong>Acc\u00e9der \u00e0 des ressources : <\/strong>\n<ul>\n<li><a href=\"http:\/\/centenaire.org\/fr\" target=\"_blank\" rel=\"noopener\">Mission centenaire 14-18<\/a> : avec trois th\u00e9matiques trait\u00e9es : vivre, d\u00e9couvrir ou comprendre le centenaire<\/li>\n<\/ul>\n<\/li>\n<li><strong>Participer \u00e0 des actions : <\/strong>\n<ul>\n<li><strong>concours des petits artistes de la m\u00e9moire<em> (inscription avant le 31\/12\/2018)<\/em><\/strong>\n<ul>\n<li><a href=\"https:\/\/champagnole.circo39.ac-besancon.fr\/wp-content\/uploads\/sites\/9\/2018\/08\/19_1_Artisans-memoire_Concours-Reglement.pdf\" target=\"_blank\" rel=\"noopener\">Artisans-memoire_Concours-R\u00e8glement<\/a><\/li>\n<li><a href=\"https:\/\/champagnole.circo39.ac-besancon.fr\/wp-content\/uploads\/sites\/9\/2018\/08\/19_2_Artisans-memoire_Fiche-inscription.pdf\" target=\"_blank\" rel=\"noopener\">Artisans-m\u00e9moire_Fiche-inscription<\/a><\/li>\n<\/ul>\n<\/li>\n<li><strong>un dessin pour No\u00ebl des militaires en op\u00e9rations<\/strong>\n<ul>\n<li><a href=\"https:\/\/champagnole.circo39.ac-besancon.fr\/wp-content\/uploads\/sites\/9\/2018\/08\/21_Un-dessin-pour-Noel_Un-arbre-une-video.pdf\" target=\"_blank\" rel=\"noopener\">Un-dessin-pour-Noel_Un-arbre-une-vid\u00e9o<\/a><\/li>\n<\/ul>\n<\/li>\n<li>Le bleuet de France\n<ul>\n<li><a href=\"https:\/\/champagnole.circo39.ac-besancon.fr\/wp-content\/uploads\/sites\/9\/2018\/10\/01_Commemoration_Livret-Bleuet.pdf\" target=\"_blank\" rel=\"noopener\">Livret-Bleuet<\/a><\/li>\n<\/ul>\n<\/li>\n<\/ul>\n<\/li>\n<\/ul>\n","protected":false},"excerpt":{"rendered":"<p>Nous vous proposons des ressources pour\u00a0d\u00e9velopper des projets li\u00e9s \u00e0 la comm\u00e9moration du centenaire de la fin de la premi\u00e8re guerre mondiale. &nbsp;<\/p>\n","protected":false},"author":42,"featured_media":0,"comment_status":"open","ping_status":"open","sticky":false,"template":"","format":"standard","meta":{"footnotes":""},"categories":[145,146],"tags":[],"class_list":["post-4448","post","type-post","status-publish","format-standard","hentry","category-e-m-c","category-histoire-et-geographie"],"_links":{"self":[{"href":"https:\/\/champagnole.circo39.ac-besancon.fr\/index.php?rest_route=\/wp\/v2\/posts\/4448","targetHints":{"allow":["GET"]}}],"collection":[{"href":"https:\/\/champagnole.circo39.ac-besancon.fr\/index.php?rest_route=\/wp\/v2\/posts"}],"about":[{"href":"https:\/\/champagnole.circo39.ac-besancon.fr\/index.php?rest_route=\/wp\/v2\/types\/post"}],"author":[{"embeddable":true,"href":"https:\/\/champagnole.circo39.ac-besancon.fr\/index.php?rest_route=\/wp\/v2\/users\/42"}],"replies":[{"embeddable":true,"href":"https:\/\/champagnole.circo39.ac-besancon.fr\/index.php?rest_route=%2Fwp%2Fv2%2Fcomments&post=4448"}],"version-history":[{"count":11,"href":"https:\/\/champagnole.circo39.ac-besancon.fr\/index.php?rest_route=\/wp\/v2\/posts\/4448\/revisions"}],"predecessor-version":[{"id":4590,"href":"https:\/\/champagnole.circo39.ac-besancon.fr\/index.php?rest_route=\/wp\/v2\/posts\/4448\/revisions\/4590"}],"wp:attachment":[{"href":"https:\/\/champagnole.circo39.ac-besancon.fr\/index.php?rest_route=%2Fwp%2Fv2%2Fmedia&parent=4448"}],"wp:term":[{"taxonomy":"category","embeddable":true,"href":"https:\/\/champagnole.circo39.ac-besancon.fr\/index.php?rest_route=%2Fwp%2Fv2%2Fcategories&post=4448"},{"taxonomy":"post_tag","embeddable":true,"href":"https:\/\/champagnole.circo39.ac-besancon.fr\/index.php?rest_route=%2Fwp%2Fv2%2Ftags&post=4448"}],"curies":[{"name":"wp","href":"https:\/\/api.w.org\/{rel}","templated":true}]}}