{"id":4261,"date":"2018-07-28T17:10:25","date_gmt":"2018-07-28T15:10:25","guid":{"rendered":"https:\/\/champagnole.circo39.ac-besancon.fr\/?p=4261"},"modified":"2018-09-03T09:30:52","modified_gmt":"2018-09-03T07:30:52","slug":"quatre-priorites-pour-renforcer-la-maitrise-des-fondamentaux","status":"publish","type":"post","link":"https:\/\/champagnole.circo39.ac-besancon.fr\/?p=4261","title":{"rendered":"QUATRE PRIORIT\u00c9S POUR RENFORCER LA MA\u00ceTRISE DES FONDAMENTAUX"},"content":{"rendered":"<p><img loading=\"lazy\" decoding=\"async\" class=\"wp-image-4269 alignleft\" src=\"https:\/\/champagnole.circo39.ac-besancon.fr\/wp-content\/uploads\/sites\/9\/2018\/08\/ajustements_programmes.png\" alt=\"\" width=\"240\" height=\"113\" srcset=\"https:\/\/champagnole.circo39.ac-besancon.fr\/wp-content\/uploads\/sites\/9\/2018\/08\/ajustements_programmes.png 734w, https:\/\/champagnole.circo39.ac-besancon.fr\/wp-content\/uploads\/sites\/9\/2018\/08\/ajustements_programmes-300x141.png 300w\" sizes=\"auto, (max-width: 240px) 100vw, 240px\" \/>Le minist\u00e8re de l\u2019\u00c9ducation nationale met \u00e0 la disposition des professeurs des documents de r\u00e9f\u00e9rence qui\u00a0\u00a0viennent en appui des programmes scolaires pour faciliter l&rsquo;apprentissage des savoirs fondamentaux\u00a0: lire, \u00e9crire, compter, respecter autrui.<\/p>\n<p><!--more--><\/p>\n<ul class=\"liens_bo\">\n<li><a href=\"http:\/\/www.education.gouv.fr\/pid285\/bulletin_officiel.html?cid_bo=128704\" target=\"_blank\" rel=\"noopener\">Lecture : construire le parcours d\u2019un lecteur autonome<\/a><\/li>\n<li><a href=\"http:\/\/www.education.gouv.fr\/pid285\/bulletin_officiel.html?cid_bo=128707\" target=\"_blank\" rel=\"noopener\">Enseignement de la grammaire et du vocabulaire : un enjeu majeur pour la ma\u00eetrise de la langue fran\u00e7aise<\/a><\/li>\n<li><a href=\"http:\/\/www.education.gouv.fr\/pid285\/bulletin_officiel.html?cid_bo=128731\" target=\"_blank\" rel=\"noopener\">Enseignement du calcul : un enjeu majeur pour la ma\u00eetrise des principaux \u00e9l\u00e9ments de math\u00e9matiques \u00e0 l\u2019\u00e9cole primaire<\/a><\/li>\n<li><a href=\"http:\/\/www.education.gouv.fr\/pid285\/bulletin_officiel.html?cid_bo=128735\" target=\"_blank\" rel=\"noopener\">La r\u00e9solution de probl\u00e8mes \u00e0 l\u2019\u00e9cole \u00e9l\u00e9mentaire<\/a><\/li>\n<\/ul>\n<p>Ces recommandations sont accompagn\u00e9es d&rsquo;un\u00a0<a href=\"http:\/\/cache.media.eduscol.education.fr\/file\/Actualites\/23\/2\/Lecture_ecriture_versionWEB_939232.pdf\" target=\"_blank\" rel=\"noopener\">guide de r\u00e9f\u00e9rence pour accompagner les enseignants de CP<\/a>\u00a0.<\/p>\n<p><a href=\"http:\/\/cache.media.eduscol.education.fr\/file\/Actualites\/23\/2\/Lecture_ecriture_versionWEB_939232.pdf\" target=\"_blank\" rel=\"noopener\"><img loading=\"lazy\" decoding=\"async\" class=\"size-medium wp-image-4264 aligncenter\" src=\"https:\/\/champagnole.circo39.ac-besancon.fr\/wp-content\/uploads\/sites\/9\/2018\/08\/Lecture-Ecriture-Guide-avril2018_939055.43-214x300.jpg\" alt=\"\" width=\"214\" height=\"300\" srcset=\"https:\/\/champagnole.circo39.ac-besancon.fr\/wp-content\/uploads\/sites\/9\/2018\/08\/Lecture-Ecriture-Guide-avril2018_939055.43-214x300.jpg 214w, https:\/\/champagnole.circo39.ac-besancon.fr\/wp-content\/uploads\/sites\/9\/2018\/08\/Lecture-Ecriture-Guide-avril2018_939055.43.jpg 250w\" sizes=\"auto, (max-width: 214px) 100vw, 214px\" \/><\/a><\/p>\n","protected":false},"excerpt":{"rendered":"<p>Le minist\u00e8re de l\u2019\u00c9ducation nationale met \u00e0 la disposition des professeurs des documents de r\u00e9f\u00e9rence qui\u00a0\u00a0viennent en appui des programmes scolaires pour faciliter l&rsquo;apprentissage des savoirs fondamentaux\u00a0: lire, \u00e9crire, compter, respecter autrui.<\/p>\n","protected":false},"author":42,"featured_media":0,"comment_status":"open","ping_status":"open","sticky":false,"template":"","format":"standard","meta":{"footnotes":""},"categories":[1],"tags":[],"class_list":["post-4261","post","type-post","status-publish","format-standard","hentry","category-non-classe"],"_links":{"self":[{"href":"https:\/\/champagnole.circo39.ac-besancon.fr\/index.php?rest_route=\/wp\/v2\/posts\/4261","targetHints":{"allow":["GET"]}}],"collection":[{"href":"https:\/\/champagnole.circo39.ac-besancon.fr\/index.php?rest_route=\/wp\/v2\/posts"}],"about":[{"href":"https:\/\/champagnole.circo39.ac-besancon.fr\/index.php?rest_route=\/wp\/v2\/types\/post"}],"author":[{"embeddable":true,"href":"https:\/\/champagnole.circo39.ac-besancon.fr\/index.php?rest_route=\/wp\/v2\/users\/42"}],"replies":[{"embeddable":true,"href":"https:\/\/champagnole.circo39.ac-besancon.fr\/index.php?rest_route=%2Fwp%2Fv2%2Fcomments&post=4261"}],"version-history":[{"count":8,"href":"https:\/\/champagnole.circo39.ac-besancon.fr\/index.php?rest_route=\/wp\/v2\/posts\/4261\/revisions"}],"predecessor-version":[{"id":4337,"href":"https:\/\/champagnole.circo39.ac-besancon.fr\/index.php?rest_route=\/wp\/v2\/posts\/4261\/revisions\/4337"}],"wp:attachment":[{"href":"https:\/\/champagnole.circo39.ac-besancon.fr\/index.php?rest_route=%2Fwp%2Fv2%2Fmedia&parent=4261"}],"wp:term":[{"taxonomy":"category","embeddable":true,"href":"https:\/\/champagnole.circo39.ac-besancon.fr\/index.php?rest_route=%2Fwp%2Fv2%2Fcategories&post=4261"},{"taxonomy":"post_tag","embeddable":true,"href":"https:\/\/champagnole.circo39.ac-besancon.fr\/index.php?rest_route=%2Fwp%2Fv2%2Ftags&post=4261"}],"curies":[{"name":"wp","href":"https:\/\/api.w.org\/{rel}","templated":true}]}}