{"id":3914,"date":"2018-03-01T09:02:13","date_gmt":"2018-03-01T08:02:13","guid":{"rendered":"https:\/\/champagnole.circo39.ac-besancon.fr\/?p=3914"},"modified":"2018-06-22T10:25:04","modified_gmt":"2018-06-22T08:25:04","slug":"%e2%80%afadapter-ses-contenus-pedagogiques-aux-eleves-a-besoins-educatifs-particuliers-avec-les-outils-numeriques%e2%80%af","status":"publish","type":"post","link":"https:\/\/champagnole.circo39.ac-besancon.fr\/?p=3914","title":{"rendered":"\u00ab\u202fAdapter ses contenus p\u00e9dagogiques aux \u00e9l\u00e8ves \u00e0 besoins \u00e9ducatifs particuliers avec les outils num\u00e9riques\u202f\u00bb"},"content":{"rendered":"<div>Nous vous partageons ici un diaporama interactif r\u00e9alis\u00e9 par Christelle El-Jamali, M\u00e9diatrice \u00e0 l&rsquo;atelier Canop\u00e9 93 :\u00a0<strong>\u00ab\u202fAdapter ses contenus p\u00e9dagogiques aux \u00e9l\u00e8ves \u00e0 besoins \u00e9ducatifs particuliers avec les outils num\u00e9riques\u202f\u00bb.<\/strong><\/div>\n<div><\/div>\n<div>Les premi\u00e8res diapositives :<\/div>\n<div>&#8211; rappelleront ce qu&rsquo;on entend par \u00ab\u00a0besoins \u00e9ducatifs particuliers\u00a0\u00bb,<\/div>\n<div>&#8211; puis pr\u00e9senteront 4 courts films d&rsquo;animation pour mieux comprendre certains troubles des fonctions cognitives (troubles \u00ab\u00a0dys\u00a0\u00bb et hyperactivit\u00e9).<\/div>\n<div><\/div>\n<div><\/div>\n<div>Enfin, vous retrouverez des propositions d&rsquo;outils num\u00e9riques visant \u00e0 :<\/div>\n<div>&#8211; soutenir la lecture<\/div>\n<div>&#8211; soutenir l&rsquo;\u00e9criture<\/div>\n<div>&#8211; m\u00e9moriser et comprendre<\/div>\n<div>&#8211; s&rsquo;organiser<\/div>\n<div><\/div>\n<div>Cliquez sur le lien pour lire le diaporama en plein \u00e9cran :<\/div>\n<div><a href=\"https:\/\/view.genial.ly\/5a0028f92b068b1be817d2b6#\">https:\/\/view.genial.ly\/5a0028f92b068b1be817d2b6#<\/a><\/div>\n<p>[wpgenially]https:\/\/view.genial.ly\/5a0028f92b068b1be817d2b6#[\/wpgenially]<\/p>\n<div><\/div>\n<div><\/div>\n<div class=\"card-iframe\"><\/div>\n","protected":false},"excerpt":{"rendered":"<p>Nous vous partageons ici un diaporama interactif r\u00e9alis\u00e9 par Christelle El-Jamali, M\u00e9diatrice \u00e0 l&rsquo;atelier Canop\u00e9 93 :\u00a0\u00ab\u202fAdapter ses contenus p\u00e9dagogiques aux \u00e9l\u00e8ves \u00e0 besoins \u00e9ducatifs particuliers avec les outils num\u00e9riques\u202f\u00bb. Les premi\u00e8res diapositives : &#8211; rappelleront ce qu&rsquo;on entend par \u00ab\u00a0besoins \u00e9ducatifs particuliers\u00a0\u00bb, &#8211; puis pr\u00e9senteront 4 courts films d&rsquo;animation pour mieux comprendre certains troubles &hellip; <a href=\"https:\/\/champagnole.circo39.ac-besancon.fr\/?p=3914\" class=\"more-link\">Continuer la lecture de <span class=\"screen-reader-text\">\u00ab\u202fAdapter ses contenus p\u00e9dagogiques aux \u00e9l\u00e8ves \u00e0 besoins \u00e9ducatifs particuliers avec les outils num\u00e9riques\u202f\u00bb<\/span>  <span class=\"meta-nav\">&rarr;<\/span><\/a><\/p>\n","protected":false},"author":11,"featured_media":0,"comment_status":"open","ping_status":"open","sticky":false,"template":"","format":"standard","meta":{"footnotes":""},"categories":[20,91,90],"tags":[276,165],"class_list":["post-3914","post","type-post","status-publish","format-standard","hentry","category-besoins-educatifs-particuliers-et-inclusion-scolaire","category-ressources","category-numerique","tag-besoins-particuliers","tag-numerique"],"_links":{"self":[{"href":"https:\/\/champagnole.circo39.ac-besancon.fr\/index.php?rest_route=\/wp\/v2\/posts\/3914","targetHints":{"allow":["GET"]}}],"collection":[{"href":"https:\/\/champagnole.circo39.ac-besancon.fr\/index.php?rest_route=\/wp\/v2\/posts"}],"about":[{"href":"https:\/\/champagnole.circo39.ac-besancon.fr\/index.php?rest_route=\/wp\/v2\/types\/post"}],"author":[{"embeddable":true,"href":"https:\/\/champagnole.circo39.ac-besancon.fr\/index.php?rest_route=\/wp\/v2\/users\/11"}],"replies":[{"embeddable":true,"href":"https:\/\/champagnole.circo39.ac-besancon.fr\/index.php?rest_route=%2Fwp%2Fv2%2Fcomments&post=3914"}],"version-history":[{"count":2,"href":"https:\/\/champagnole.circo39.ac-besancon.fr\/index.php?rest_route=\/wp\/v2\/posts\/3914\/revisions"}],"predecessor-version":[{"id":3916,"href":"https:\/\/champagnole.circo39.ac-besancon.fr\/index.php?rest_route=\/wp\/v2\/posts\/3914\/revisions\/3916"}],"wp:attachment":[{"href":"https:\/\/champagnole.circo39.ac-besancon.fr\/index.php?rest_route=%2Fwp%2Fv2%2Fmedia&parent=3914"}],"wp:term":[{"taxonomy":"category","embeddable":true,"href":"https:\/\/champagnole.circo39.ac-besancon.fr\/index.php?rest_route=%2Fwp%2Fv2%2Fcategories&post=3914"},{"taxonomy":"post_tag","embeddable":true,"href":"https:\/\/champagnole.circo39.ac-besancon.fr\/index.php?rest_route=%2Fwp%2Fv2%2Ftags&post=3914"}],"curies":[{"name":"wp","href":"https:\/\/api.w.org\/{rel}","templated":true}]}}