{"id":3854,"date":"2017-10-16T14:55:29","date_gmt":"2017-10-16T12:55:29","guid":{"rendered":"https:\/\/champagnole.circo39.ac-besancon.fr\/?p=3854"},"modified":"2018-06-21T15:11:51","modified_gmt":"2018-06-21T13:11:51","slug":"3854","status":"publish","type":"post","link":"https:\/\/champagnole.circo39.ac-besancon.fr\/?p=3854","title":{"rendered":"Anagraph, un outil pour la lecture au CP"},"content":{"rendered":"<p><span style=\"font-size: 18px\"><img loading=\"lazy\" decoding=\"async\" class=\"size-full wp-image-3857 aligncenter\" src=\"https:\/\/champagnole.circo39.ac-besancon.fr\/wp-content\/uploads\/sites\/9\/2018\/06\/Capture-d\u2019e\u0301cran-2018-06-21-a\u0300-15.16.35.png\" alt=\"\" width=\"292\" height=\"93\" \/>Ressource pour les enseignants de CP : <a href=\"http:\/\/anagraph.ens-lyon.fr\/app.php\/onglet2\" target=\"_blank\" rel=\"noopener\"><span style=\"font-weight: bold\">Anagraph<\/span><\/a>, une plateforme propos\u00e9e par l&rsquo;IF\u00e9 (Institut Fran\u00e7ais de l&rsquo;\u00c9ducation) d\u00e9velopp\u00e9e par R. Goigoux et J. Riou.<\/span><\/p>\n<h5>Pr\u00e9sentation :<\/h5>\n<blockquote>\n<p style=\"margin-left: 25px\"><span style=\"font-style: italic\"><span style=\"font-size: 18px\">\u00a0\u00bb\u00a0<\/span><span style=\"font-size: 18px\">Dans les classes de cours pr\u00e9paratoire, les enseignants conduisent des situations de lecture collective quelquefois nomm\u00e9es \u00ab d\u00e9couvertes de texte \u00bb.<\/span><\/span><\/p>\n<p style=\"margin-bottom: 0.75em;padding: 0px;line-height: 1.5em;margin-left: 25px\"><span style=\"font-style: italic\"><span style=\"font-size: 18px\">I<\/span><span style=\"font-size: 18px\">ls font alors vivre \u00e0 leurs \u00e9l\u00e8ves une exp\u00e9rience intellectuelle plus ou moins complexe <strong>selon que le texte support de lecture comporte ou non une grande quantit\u00e9 de graph\u00e8mes \u00e9tudi\u00e9s en classe. <\/strong><\/span><\/span><\/p>\n<p style=\"margin-bottom: 0.75em;padding: 0px;line-height: 1.5em;margin-left: 25px\"><span style=\"font-style: italic;font-size: 18px\"><strong>La plateforme ANAGRAPH permet d\u2019identifier ces graph\u00e8mes et d\u2019\u00e9tablir la part de texte directement d\u00e9chiffrable par les \u00e9l\u00e8ves. Il aide ainsi les enseignants \u00e0 planifier leur \u00e9tude du code et \u00e0 choisir des supports adapt\u00e9s.<\/strong>\u00a0\u00bb\u00a0 M. J. RIOU<\/span><\/p>\n<\/blockquote>\n<h5>Pour plus d&rsquo;informations, vous pouvez t\u00e9l\u00e9charger <a href=\"http:\/\/ife.ens-lyon.fr\/kadekol\/ca-manque-pas-dr\/episode-1\" target=\"_blank\" rel=\"noopener\">ici<\/a> la plaquette de pr\u00e9sentation.<\/h5>\n<p>&nbsp;<\/p>\n<h5><span style=\"font-size: 18px\">Et pour aller plus loin&#8230; : <\/span><\/h5>\n<p><span style=\"font-size: 18px\">Nous vous proposons \u00e9galement d&rsquo;\u00e9couter l&rsquo;\u00e9mission de webradio de l&rsquo;IF\u00e9 <a href=\"http:\/\/ife.ens-lyon.fr\/kadekol\/ca-manque-pas-dr\/episode-1\" target=\"_blank\" rel=\"noopener\">\u00ab\u00a0\u00e7a manque pas d&rsquo;R\u00a0\u00bb sur le th\u00e8me \u00ab\u00a0Lire et \u00e9crire\u00a0\u00bb<\/a>\u00a0et pr\u00e9sentant Anagraph, anim\u00e9e par R. Goigoux, o\u00f9 J. Riou pr\u00e9sente l&rsquo;int\u00e9r\u00eat p\u00e9dagogqiue de la plateforme (42 min.) :\u00a0\u00a0<\/span><\/p>\n<figure id=\"attachment_3855\" aria-describedby=\"caption-attachment-3855\" style=\"width: 324px\" class=\"wp-caption aligncenter\"><a href=\"http:\/\/ife.ens-lyon.fr\/kadekol\/ca-manque-pas-dr\/episode-1\"><img loading=\"lazy\" decoding=\"async\" class=\"wp-image-3855\" src=\"https:\/\/champagnole.circo39.ac-besancon.fr\/wp-content\/uploads\/sites\/9\/2018\/06\/Capture-d\u2019e\u0301cran-2018-06-21-a\u0300-15.04.50-300x124.png\" alt=\"\" width=\"324\" height=\"134\" srcset=\"https:\/\/champagnole.circo39.ac-besancon.fr\/wp-content\/uploads\/sites\/9\/2018\/06\/Capture-d\u2019e\u0301cran-2018-06-21-a\u0300-15.04.50-300x124.png 300w, https:\/\/champagnole.circo39.ac-besancon.fr\/wp-content\/uploads\/sites\/9\/2018\/06\/Capture-d\u2019e\u0301cran-2018-06-21-a\u0300-15.04.50-768x318.png 768w, https:\/\/champagnole.circo39.ac-besancon.fr\/wp-content\/uploads\/sites\/9\/2018\/06\/Capture-d\u2019e\u0301cran-2018-06-21-a\u0300-15.04.50-1024x424.png 1024w, https:\/\/champagnole.circo39.ac-besancon.fr\/wp-content\/uploads\/sites\/9\/2018\/06\/Capture-d\u2019e\u0301cran-2018-06-21-a\u0300-15.04.50.png 1176w\" sizes=\"auto, (max-width: 324px) 100vw, 324px\" \/><\/a><figcaption id=\"caption-attachment-3855\" class=\"wp-caption-text\">Capture d&rsquo;\u00e9cran \u00ab\u00a0\u00c7a ne manque pas d&rsquo;air\u00a0\u00bb, site de l&rsquo;iF\u00e9<\/figcaption><\/figure>\n<p>&nbsp;<\/p>\n<p>&nbsp;<\/p>\n<p>&nbsp;<\/p>\n","protected":false},"excerpt":{"rendered":"<p>Ressource pour les enseignants de CP : Anagraph, une plateforme propos\u00e9e par l&rsquo;IF\u00e9 (Institut Fran\u00e7ais de l&rsquo;\u00c9ducation) d\u00e9velopp\u00e9e par R. Goigoux et J. Riou. Pr\u00e9sentation : \u00a0\u00bb\u00a0Dans les classes de cours pr\u00e9paratoire, les enseignants conduisent des situations de lecture collective quelquefois nomm\u00e9es \u00ab d\u00e9couvertes de texte \u00bb. Ils font alors vivre \u00e0 leurs \u00e9l\u00e8ves une &hellip; <a href=\"https:\/\/champagnole.circo39.ac-besancon.fr\/?p=3854\" class=\"more-link\">Continuer la lecture de <span class=\"screen-reader-text\">Anagraph, un outil pour la lecture au CP<\/span>  <span class=\"meta-nav\">&rarr;<\/span><\/a><\/p>\n","protected":false},"author":11,"featured_media":0,"comment_status":"open","ping_status":"open","sticky":false,"template":"","format":"standard","meta":{"footnotes":""},"categories":[140,91,90],"tags":[245,119,165],"class_list":["post-3854","post","type-post","status-publish","format-standard","hentry","category-francais","category-ressources","category-numerique","tag-cp","tag-lecture","tag-numerique"],"_links":{"self":[{"href":"https:\/\/champagnole.circo39.ac-besancon.fr\/index.php?rest_route=\/wp\/v2\/posts\/3854","targetHints":{"allow":["GET"]}}],"collection":[{"href":"https:\/\/champagnole.circo39.ac-besancon.fr\/index.php?rest_route=\/wp\/v2\/posts"}],"about":[{"href":"https:\/\/champagnole.circo39.ac-besancon.fr\/index.php?rest_route=\/wp\/v2\/types\/post"}],"author":[{"embeddable":true,"href":"https:\/\/champagnole.circo39.ac-besancon.fr\/index.php?rest_route=\/wp\/v2\/users\/11"}],"replies":[{"embeddable":true,"href":"https:\/\/champagnole.circo39.ac-besancon.fr\/index.php?rest_route=%2Fwp%2Fv2%2Fcomments&post=3854"}],"version-history":[{"count":4,"href":"https:\/\/champagnole.circo39.ac-besancon.fr\/index.php?rest_route=\/wp\/v2\/posts\/3854\/revisions"}],"predecessor-version":[{"id":3862,"href":"https:\/\/champagnole.circo39.ac-besancon.fr\/index.php?rest_route=\/wp\/v2\/posts\/3854\/revisions\/3862"}],"wp:attachment":[{"href":"https:\/\/champagnole.circo39.ac-besancon.fr\/index.php?rest_route=%2Fwp%2Fv2%2Fmedia&parent=3854"}],"wp:term":[{"taxonomy":"category","embeddable":true,"href":"https:\/\/champagnole.circo39.ac-besancon.fr\/index.php?rest_route=%2Fwp%2Fv2%2Fcategories&post=3854"},{"taxonomy":"post_tag","embeddable":true,"href":"https:\/\/champagnole.circo39.ac-besancon.fr\/index.php?rest_route=%2Fwp%2Fv2%2Ftags&post=3854"}],"curies":[{"name":"wp","href":"https:\/\/api.w.org\/{rel}","templated":true}]}}