{"id":3780,"date":"2017-09-07T14:13:38","date_gmt":"2017-09-07T12:13:38","guid":{"rendered":"https:\/\/champagnole.circo39.ac-besancon.fr\/?p=3780"},"modified":"2018-06-19T15:04:01","modified_gmt":"2018-06-19T13:04:01","slug":"mths-en-vie","status":"publish","type":"post","link":"https:\/\/champagnole.circo39.ac-besancon.fr\/?p=3780","title":{"rendered":"M@ths en vie"},"content":{"rendered":"<blockquote>\n<p style=\"padding-left: 30px\"><a href=\"http:\/\/www.ac-grenoble.fr\/ien.st-gervais\/mathsenvie\/\"><img loading=\"lazy\" decoding=\"async\" class=\"size-full wp-image-3781 aligncenter\" src=\"https:\/\/champagnole.circo39.ac-besancon.fr\/wp-content\/uploads\/sites\/9\/2018\/06\/maths-en-vie-300x89.png\" alt=\"\" width=\"300\" height=\"89\" \/><\/a><\/p>\n<p style=\"padding-left: 30px\">\u00ab\u00a0M@ths en vie est un projet <strong>interdisciplinaire<\/strong> en fran\u00e7ais et math\u00e9matiques <strong>avec utilisation d\u2019outils et ressources num\u00e9riques<\/strong> (ordinateur, tablette, appareil photo num\u00e9rique, blog ou site d\u2019\u00e9cole, logiciels photo, internet&#8230;). Objectifs :\u00a0 &#8211; Ancrer les math\u00e9matiques au <strong>r\u00e9el<\/strong> afin d\u2019am\u00e9liorer la compr\u00e9hension en <strong>r\u00e9solution de probl\u00e8mes<\/strong>.\u00a0 &#8211; D\u00e9velopper la <strong>perception<\/strong> des \u00e9l\u00e8ves sur les <strong>objets<\/strong> math\u00e9matiques qui nous entourent.\u00a0\u00bb<\/p>\n<p style=\"padding-left: 30px;text-align: right\">Carole CORTAY, conseill\u00e8re p\u00e9dagogique et Christophe GILGER, r\u00e9f\u00e9rent num\u00e9rique<\/p>\n<\/blockquote>\n<p style=\"text-align: left\">Toutes les informations sur :\u00a0<a href=\"http:\/\/www.ac-grenoble.fr\/ien.st-gervais\/mathsenvie\/\" target=\"_blank\" rel=\"noopener\">http:\/\/www.ac-grenoble.fr\/ien.st-gervais\/mathsenvie\/<\/a><\/p>\n<p>Et la vid\u00e9o de pr\u00e9sentation du dispositif :\u00a0<a href=\"http:\/\/www.mathsenvie.fr\/\" target=\"_blank\" rel=\"noopener\">http:\/\/www.mathsenvie.fr\/<\/a><a href=\"http:\/\/www.mathsenvie.fr\/\" target=\"_blank\" rel=\"noopener\"><img loading=\"lazy\" decoding=\"async\" class=\"aligncenter wp-image-3782 size-full\" src=\"https:\/\/champagnole.circo39.ac-besancon.fr\/wp-content\/uploads\/sites\/9\/2018\/06\/Capture-d\u2019e\u0301cran-2018-06-19-a\u0300-15.07.05.png\" alt=\"\" width=\"663\" height=\"377\" srcset=\"https:\/\/champagnole.circo39.ac-besancon.fr\/wp-content\/uploads\/sites\/9\/2018\/06\/Capture-d\u2019e\u0301cran-2018-06-19-a\u0300-15.07.05.png 663w, https:\/\/champagnole.circo39.ac-besancon.fr\/wp-content\/uploads\/sites\/9\/2018\/06\/Capture-d\u2019e\u0301cran-2018-06-19-a\u0300-15.07.05-300x171.png 300w\" sizes=\"auto, (max-width: 663px) 100vw, 663px\" \/><\/a><\/p>\n<p>Suivre le compte Twitter du projet\u00a0 :<a href=\"https:\/\/twitter.com\/mathsenvie\" target=\"_blank\" rel=\"noopener\"> https:\/\/twitter.com\/mathsenvie<\/a><\/p>\n","protected":false},"excerpt":{"rendered":"<p>\u00ab\u00a0M@ths en vie est un projet interdisciplinaire en fran\u00e7ais et math\u00e9matiques avec utilisation d\u2019outils et ressources num\u00e9riques (ordinateur, tablette, appareil photo num\u00e9rique, blog ou site d\u2019\u00e9cole, logiciels photo, internet&#8230;). Objectifs :\u00a0 &#8211; Ancrer les math\u00e9matiques au r\u00e9el afin d\u2019am\u00e9liorer la compr\u00e9hension en r\u00e9solution de probl\u00e8mes.\u00a0 &#8211; D\u00e9velopper la perception des \u00e9l\u00e8ves sur les objets math\u00e9matiques &hellip; <a href=\"https:\/\/champagnole.circo39.ac-besancon.fr\/?p=3780\" class=\"more-link\">Continuer la lecture de <span class=\"screen-reader-text\">M@ths en vie<\/span>  <span class=\"meta-nav\">&rarr;<\/span><\/a><\/p>\n","protected":false},"author":11,"featured_media":0,"comment_status":"open","ping_status":"open","sticky":false,"template":"","format":"standard","meta":{"footnotes":""},"categories":[141,90],"tags":[185,214,165],"class_list":["post-3780","post","type-post","status-publish","format-standard","hentry","category-mathematiques","category-numerique","tag-francais","tag-mathematiques","tag-numerique"],"_links":{"self":[{"href":"https:\/\/champagnole.circo39.ac-besancon.fr\/index.php?rest_route=\/wp\/v2\/posts\/3780","targetHints":{"allow":["GET"]}}],"collection":[{"href":"https:\/\/champagnole.circo39.ac-besancon.fr\/index.php?rest_route=\/wp\/v2\/posts"}],"about":[{"href":"https:\/\/champagnole.circo39.ac-besancon.fr\/index.php?rest_route=\/wp\/v2\/types\/post"}],"author":[{"embeddable":true,"href":"https:\/\/champagnole.circo39.ac-besancon.fr\/index.php?rest_route=\/wp\/v2\/users\/11"}],"replies":[{"embeddable":true,"href":"https:\/\/champagnole.circo39.ac-besancon.fr\/index.php?rest_route=%2Fwp%2Fv2%2Fcomments&post=3780"}],"version-history":[{"count":2,"href":"https:\/\/champagnole.circo39.ac-besancon.fr\/index.php?rest_route=\/wp\/v2\/posts\/3780\/revisions"}],"predecessor-version":[{"id":3784,"href":"https:\/\/champagnole.circo39.ac-besancon.fr\/index.php?rest_route=\/wp\/v2\/posts\/3780\/revisions\/3784"}],"wp:attachment":[{"href":"https:\/\/champagnole.circo39.ac-besancon.fr\/index.php?rest_route=%2Fwp%2Fv2%2Fmedia&parent=3780"}],"wp:term":[{"taxonomy":"category","embeddable":true,"href":"https:\/\/champagnole.circo39.ac-besancon.fr\/index.php?rest_route=%2Fwp%2Fv2%2Fcategories&post=3780"},{"taxonomy":"post_tag","embeddable":true,"href":"https:\/\/champagnole.circo39.ac-besancon.fr\/index.php?rest_route=%2Fwp%2Fv2%2Ftags&post=3780"}],"curies":[{"name":"wp","href":"https:\/\/api.w.org\/{rel}","templated":true}]}}