{"id":3721,"date":"2018-06-04T15:56:40","date_gmt":"2018-06-04T13:56:40","guid":{"rendered":"https:\/\/champagnole.circo39.ac-besancon.fr\/?p=3721"},"modified":"2018-06-25T15:20:49","modified_gmt":"2018-06-25T13:20:49","slug":"36-semaines-36-ressources-numeriques-2","status":"publish","type":"post","link":"https:\/\/champagnole.circo39.ac-besancon.fr\/?p=3721","title":{"rendered":"Un outil pour la dict\u00e9e : Orthophore"},"content":{"rendered":"<p><a href=\"https:\/\/champagnole.circo39.ac-besancon.fr\/wp-content\/uploads\/sites\/9\/2018\/06\/Capture-d\u2019e\u0301cran-2018-06-04-a\u0300-14.56.31.png\"><img loading=\"lazy\" decoding=\"async\" class=\"wp-image-3722 alignright\" src=\"https:\/\/champagnole.circo39.ac-besancon.fr\/wp-content\/uploads\/sites\/9\/2018\/06\/Capture-d\u2019e\u0301cran-2018-06-04-a\u0300-14.56.31.png\" alt=\"\" width=\"236\" height=\"51\" srcset=\"https:\/\/champagnole.circo39.ac-besancon.fr\/wp-content\/uploads\/sites\/9\/2018\/06\/Capture-d\u2019e\u0301cran-2018-06-04-a\u0300-14.56.31.png 418w, https:\/\/champagnole.circo39.ac-besancon.fr\/wp-content\/uploads\/sites\/9\/2018\/06\/Capture-d\u2019e\u0301cran-2018-06-04-a\u0300-14.56.31-300x65.png 300w\" sizes=\"auto, (max-width: 236px) 100vw, 236px\" \/><\/a>Focus sur la dict\u00e9e avec <a href=\"http:\/\/orthophore.ac-lille.fr\/\" target=\"_blank\" rel=\"noopener\">Orthphore<\/a> (espace en ligne d\u00e9velopp\u00e9 par l&rsquo;acad\u00e9mie de Lille) !<!--more--><\/p>\n<p><a href=\"http:\/\/orthophore.ac-lille.fr\/\" target=\"_blank\" rel=\"noopener\">Orthophore<\/a>\u00a0est une plateforme gratuite permettant aux \u00e9l\u00e8ves du CE1 au CM2, un entrainement aux dict\u00e9es de mani\u00e8re autonome et\/ou diff\u00e9renci\u00e9e, sur ordinateur ou tablette \u00e0 l&rsquo;aide d&rsquo;un casque audio.<\/p>\n<blockquote>\n<p style=\"padding-left: 30px\">\u00a0\u00bb L&rsquo;Orthophore est un dispositif qui permet que les \u00e9l\u00e8ves r\u00e9alisent seuls, \u00e0 leur rythme, des dict\u00e9es.<br \/>\nLes\u00a0dict\u00e9es sont automatiquement corrig\u00e9es\u00a0et les \u00e9l\u00e8ves peuvent ainsi voir leurs r\u00e9ussites et leurs erreurs.<\/p>\n<p style=\"padding-left: 30px\">Une classification des erreurs orthographiques\u00a0permet aussi qu&rsquo;ils puissent suivre leurs progr\u00e8s sur chacune des cat\u00e9gories.<\/p>\n<p style=\"padding-left: 30px\">Puisque les \u00e9l\u00e8ves travaillent seuls \u00e0 leur rythme,\u00a0l&rsquo;enseignant peut aussi accompagner, de mani\u00e8re individuelle, certains \u00e9l\u00e8ves et les aider \u00e0 r\u00e9fl\u00e9chir sur l&rsquo;orthographe de certains mots (notamment sur les accords) en explicitant avec eux toute la r\u00e9flexion qui est \u00e0 mener pour d\u00e9terminer la nature et la forme de l&rsquo;accord \u00e0 r\u00e9aliser. \u00ab\u00a0<\/p>\n<p style=\"text-align: right;padding-left: 30px\"><i>Pascal Maillot, IEN pilote du projet Orthophore.<br \/>\nMission Ma\u00eetrise de la Langue.<\/i><\/p>\n<\/blockquote>\n<p>&nbsp;<\/p>\n<p><strong>Le \u00ab\u00a0plus\u00a0\u00bb\u00a0<\/strong><\/p>\n<p>L&rsquo;enseignant peut lui-m\u00eame enregistrer ses propres dict\u00e9es !<\/p>\n<p>&nbsp;<\/p>\n<p><strong>Mutualisation\u00a0:\u00a0<\/strong><\/p>\n<p><a href=\"https:\/\/laclassedemallory.net\/2018\/06\/03\/dictees-flashs-en-autonomie-et-ou-differenciees-avec-orthophore\/\" target=\"_blank\" rel=\"noopener\">Sur son blog, une enseignante (laclassedeMallory.net)<\/a>\u00a0vous propose\u00a0 l&rsquo;ensemble des dict\u00e9es flash qu&rsquo;elle a cr\u00e9\u00e9es pour ces CM1. Vous pourrez les importer sur votre compte de classe Orthophore.<\/p>\n<p>&nbsp;<\/p>\n<p><strong>Pour aller plus loin :\u00a0<\/strong><\/p>\n<p><a href=\"https:\/\/www.twictee.org\/\"><img loading=\"lazy\" decoding=\"async\" class=\"wp-image-3950 alignleft\" src=\"https:\/\/champagnole.circo39.ac-besancon.fr\/wp-content\/uploads\/sites\/9\/2018\/06\/Logo-Twictee.png\" alt=\"\" width=\"186\" height=\"176\" \/><\/a>Le dispositif collaboratif d&rsquo;enseignement et d&rsquo;apprentissage de l&rsquo;orthographe #Twict\u00e9e est toujours tr\u00e8s actif dans les classes (plus de 1000 classes participantes cette ann\u00e9e) et n&rsquo;h\u00e9sitez pas \u00e0 vous lancer \u00e0 la rentr\u00e9e ! Notez que le dispositif Twict\u00e9e fait parti des 22 laur\u00e9ats de l&rsquo;appel \u00e0 <a href=\"http:\/\/www.reseau-espe.fr\/recherche\/printemps-de-la-recherche-2017\/e-fran-presentation-du-projet-tao-porte-par-l-universite\" target=\"_blank\" rel=\"noopener\">projet \u00ab\u00a0E-Fran\u00a0\u00bb<\/a> afin d&rsquo;\u00e9valuer et d&rsquo;\u00e9tudier son impact sur les apprentissages des \u00e9l\u00e8ves (en orthographe et en litt\u00e9ratie num\u00e9rique) et sur le d\u00e9veloppement professionnel des enseignants. Mais aussi d&rsquo;am\u00e9liorer et d\u00e9velopper le dispositif en fonction des r\u00e9sultats. Toutes les informations sur la #twict\u00e9e sont\u00a0sur le site officiel ci-dessous : <a href=\"https:\/\/www.twictee.org\/\" target=\"_blank\" rel=\"noopener\">\u00a0https:\/\/www.twictee.org\/<\/a><\/p>\n<p><em>N&rsquo;h\u00e9sitez pas \u00e0 contacter votre ERUN de circonscription pour lui signaler l&rsquo;usage de ces outils dans vos classes, ou pour vous aider dans leur mise en oeuvre.\u00a0<\/em><\/p>\n","protected":false},"excerpt":{"rendered":"<p>Focus sur la dict\u00e9e avec Orthphore (espace en ligne d\u00e9velopp\u00e9 par l&rsquo;acad\u00e9mie de Lille) !<\/p>\n","protected":false},"author":11,"featured_media":0,"comment_status":"open","ping_status":"open","sticky":false,"template":"","format":"standard","meta":{"footnotes":""},"categories":[140,90],"tags":[165,166,265],"class_list":["post-3721","post","type-post","status-publish","format-standard","hentry","category-francais","category-numerique","tag-numerique","tag-orthographe","tag-twitter"],"_links":{"self":[{"href":"https:\/\/champagnole.circo39.ac-besancon.fr\/index.php?rest_route=\/wp\/v2\/posts\/3721","targetHints":{"allow":["GET"]}}],"collection":[{"href":"https:\/\/champagnole.circo39.ac-besancon.fr\/index.php?rest_route=\/wp\/v2\/posts"}],"about":[{"href":"https:\/\/champagnole.circo39.ac-besancon.fr\/index.php?rest_route=\/wp\/v2\/types\/post"}],"author":[{"embeddable":true,"href":"https:\/\/champagnole.circo39.ac-besancon.fr\/index.php?rest_route=\/wp\/v2\/users\/11"}],"replies":[{"embeddable":true,"href":"https:\/\/champagnole.circo39.ac-besancon.fr\/index.php?rest_route=%2Fwp%2Fv2%2Fcomments&post=3721"}],"version-history":[{"count":8,"href":"https:\/\/champagnole.circo39.ac-besancon.fr\/index.php?rest_route=\/wp\/v2\/posts\/3721\/revisions"}],"predecessor-version":[{"id":3979,"href":"https:\/\/champagnole.circo39.ac-besancon.fr\/index.php?rest_route=\/wp\/v2\/posts\/3721\/revisions\/3979"}],"wp:attachment":[{"href":"https:\/\/champagnole.circo39.ac-besancon.fr\/index.php?rest_route=%2Fwp%2Fv2%2Fmedia&parent=3721"}],"wp:term":[{"taxonomy":"category","embeddable":true,"href":"https:\/\/champagnole.circo39.ac-besancon.fr\/index.php?rest_route=%2Fwp%2Fv2%2Fcategories&post=3721"},{"taxonomy":"post_tag","embeddable":true,"href":"https:\/\/champagnole.circo39.ac-besancon.fr\/index.php?rest_route=%2Fwp%2Fv2%2Ftags&post=3721"}],"curies":[{"name":"wp","href":"https:\/\/api.w.org\/{rel}","templated":true}]}}