{"id":2227,"date":"2017-01-05T15:23:01","date_gmt":"2017-01-05T14:23:01","guid":{"rendered":"https:\/\/champagnole.circo39.ac-besancon.fr\/?p=2227"},"modified":"2018-06-21T13:54:28","modified_gmt":"2018-06-21T11:54:28","slug":"semaine-de-la-presse-et-des-medias-dans-lecole","status":"publish","type":"post","link":"https:\/\/champagnole.circo39.ac-besancon.fr\/?p=2227","title":{"rendered":"Semaine de la presse et des m\u00e9dias dans l&rsquo;\u00e9cole &#8211; 20\/25 mars 2017"},"content":{"rendered":"<h1><span style=\"color: #333333\">Les inscriptions et r\u00e9servations de journaux et magazines sont ouvertes du 5 au 19 janvier !<\/span><\/h1>\n<p><!--more--><\/p>\n<p>Cette ann\u00e9e le th\u00e8me choisi par <a href=\"http:\/\/www.clemi.fr\/fr.html\" target=\"_blank\" rel=\"noopener\">le CLEMI<\/a> est \u00ab\u00a0D&rsquo;o\u00f9 vient l&rsquo;info ?\u00a0\u00bb. Il sera une occasion de permettre aux \u00e9l\u00e8ves de s&rsquo;interroger sur la source et la validit\u00e9 d&rsquo;une information, mais aussi sur les droits et devoirs de chacun\u00a0en mati\u00e8re de partage et de publication.<\/p>\n<article>\n<div class=\" rte large zen\">\n<div id=\"c203\">\n<div class=\"ce-textpic ce-center ce-below\">\n<div class=\"ce-bodytext\">\n<div>\n<ul>\n<li>Du jeudi 5 janvier (12h00) au jeudi 19 janvier 2017 (12h00) : r\u00e9servation jusqu\u2019\u00e0 50 titres maximum<\/li>\n<\/ul>\n<\/div>\n<ul>\n<li>Du jeudi 19 janvier (12h00) au samedi 4 f\u00e9vrier 2017 (minuit) : r\u00e9servation \u00a0jusqu\u2019\u00e0 \u00e9puisement des stocks<\/li>\n<\/ul>\n<\/div>\n<p>Rendez-vous \u00e0 cette adresse :\u00a0<a href=\"http:\/\/www.presse.education.gouv.fr\/reservation\/\" target=\"_blank\" rel=\"noopener\">http:\/\/www.presse.education.gouv.fr\/reservation\/<\/a><\/p>\n<figure id=\"attachment_2228\" aria-describedby=\"caption-attachment-2228\" style=\"width: 884px\" class=\"wp-caption alignleft\"><a href=\"https:\/\/champagnole.circo39.ac-besancon.fr\/2017\/01\/05\/semaine-de-la-presse-et-des-medias-dans-lecole\/capture-decran-2017-01-05-a-15-10-36\/\" rel=\"attachment wp-att-2228\"><img loading=\"lazy\" decoding=\"async\" class=\"size-full wp-image-2228\" src=\"https:\/\/champagnole.circo39.ac-besancon.fr\/wp-content\/uploads\/sites\/9\/2017\/01\/Capture-d\u2019ecran-2017-01-05-a-15.10.36.png\" alt=\"\" width=\"884\" height=\"162\" \/><\/a><figcaption id=\"caption-attachment-2228\" class=\"wp-caption-text\">Visuel Clemi.fr<\/figcaption><\/figure>\n<p>&nbsp;<\/p>\n<p>&nbsp;<\/p>\n<p>&nbsp;<\/p>\n<p><em>Attention, conservez\u00a0bien le code personnel qui vous sera d\u00e9livr\u00e9 !<\/em><\/p>\n<p>Pour t\u00e9l\u00e9charger le document de pr\u00e9sentation :\u00a0<a href=\"http:\/\/www.clemi.fr\/fileadmin\/user_upload\/SPME_2017_flyer_Enseignants.pdf\" target=\"_blank\" rel=\"noopener\">http:\/\/www.clemi.fr\/fileadmin\/user_upload\/SPME_2017_flyer_Enseignants.pdf<\/a><\/p>\n<\/div>\n<h4>Le concours de Unes \u00a0: une bonne id\u00e9e pour aborder\u00a0la semaine de la presse<\/h4>\n<p>Cette ann\u00e9e encore le Clemi de l&rsquo;acad\u00e9mie de Cr\u00e9teil organise le \u00ab\u00a0Concours de unes\u00a0\u00bb. Il se d\u00e9roulera du lundi 21 au vendredi 26 mars. Votre classe recevra le lundi soir une s\u00e9lection de d\u00e9p\u00eaches et photographies de l&rsquo;AFP. Avec ce corpus, elle devra entrer dans la peau d&rsquo;un comit\u00e9 de r\u00e9daction et choisir une ligne \u00e9ditoriale afin de r\u00e9aliser la une d&rsquo;un journal papier ou d&rsquo;un journal num\u00e9rique. La classe peut \u00e9galement relever le d\u00e9fi de publier cette une sur une seule journ\u00e9e !<br \/>\nInformations et inscriptions\u00a0: <a href=\"http:\/\/clemi.ac-creteil.fr\/spip.php?article682\" target=\"_blank\" rel=\"noopener\">http:\/\/clemi.ac-creteil.fr\/spip.php?article682<\/a><br \/>\nPour plus de renseignements ou pour vous accompagner dans\u00a0votre projet d&rsquo;\u00e9ducation aux m\u00e9dias, n&rsquo;h\u00e9sitez pas \u00e0 nous contacter !<\/p>\n<\/div>\n<\/div>\n<\/article>\n","protected":false},"excerpt":{"rendered":"<p>Les inscriptions et r\u00e9servations de journaux et magazines sont ouvertes du 5 au 19 janvier !<\/p>\n","protected":false},"author":11,"featured_media":0,"comment_status":"open","ping_status":"open","sticky":false,"template":"","format":"standard","meta":{"footnotes":""},"categories":[145,90],"tags":[196,198,165],"class_list":["post-2227","post","type-post","status-publish","format-standard","hentry","category-e-m-c","category-numerique","tag-emi","tag-media","tag-numerique"],"_links":{"self":[{"href":"https:\/\/champagnole.circo39.ac-besancon.fr\/index.php?rest_route=\/wp\/v2\/posts\/2227","targetHints":{"allow":["GET"]}}],"collection":[{"href":"https:\/\/champagnole.circo39.ac-besancon.fr\/index.php?rest_route=\/wp\/v2\/posts"}],"about":[{"href":"https:\/\/champagnole.circo39.ac-besancon.fr\/index.php?rest_route=\/wp\/v2\/types\/post"}],"author":[{"embeddable":true,"href":"https:\/\/champagnole.circo39.ac-besancon.fr\/index.php?rest_route=\/wp\/v2\/users\/11"}],"replies":[{"embeddable":true,"href":"https:\/\/champagnole.circo39.ac-besancon.fr\/index.php?rest_route=%2Fwp%2Fv2%2Fcomments&post=2227"}],"version-history":[{"count":12,"href":"https:\/\/champagnole.circo39.ac-besancon.fr\/index.php?rest_route=\/wp\/v2\/posts\/2227\/revisions"}],"predecessor-version":[{"id":3833,"href":"https:\/\/champagnole.circo39.ac-besancon.fr\/index.php?rest_route=\/wp\/v2\/posts\/2227\/revisions\/3833"}],"wp:attachment":[{"href":"https:\/\/champagnole.circo39.ac-besancon.fr\/index.php?rest_route=%2Fwp%2Fv2%2Fmedia&parent=2227"}],"wp:term":[{"taxonomy":"category","embeddable":true,"href":"https:\/\/champagnole.circo39.ac-besancon.fr\/index.php?rest_route=%2Fwp%2Fv2%2Fcategories&post=2227"},{"taxonomy":"post_tag","embeddable":true,"href":"https:\/\/champagnole.circo39.ac-besancon.fr\/index.php?rest_route=%2Fwp%2Fv2%2Ftags&post=2227"}],"curies":[{"name":"wp","href":"https:\/\/api.w.org\/{rel}","templated":true}]}}